{"id":77940,"date":"2022-10-11T13:18:45","date_gmt":"2022-10-11T18:18:45","guid":{"rendered":"https:\/\/nvnoticias.mx\/?p=77940"},"modified":"2022-10-11T13:18:45","modified_gmt":"2022-10-11T18:18:45","slug":"condena-onu-espionaje-del-ejercito-mexicano-a-periodistas-y-activistas-en-este-sexenio","status":"publish","type":"post","link":"https:\/\/nvnoticias.mx\/index.php\/2022\/10\/11\/condena-onu-espionaje-del-ejercito-mexicano-a-periodistas-y-activistas-en-este-sexenio\/","title":{"rendered":"Condena ONU espionaje del Ej\u00e9rcito mexicano a periodistas y activistas en este sexenio"},"content":{"rendered":"\n<p>La Oficina en M\u00e9xico del Alto Comisionado de las Naciones Unidas para los Derechos Humanos (<strong>ONU<\/strong>-DH) expres\u00f3 este martes su &#8220;profunda preocupaci\u00f3n&#8221; por el\u00a0<strong>espionaje\u00a0<\/strong>del Ej\u00e9rcito mexicano a periodistas y activistas cometido durante el actual Gobierno de\u00a0<strong>Andr\u00e9s Manuel L\u00f3pez Obrador<\/strong>.<\/p>\n\n\n\n<blockquote class=\"wp-block-quote is-layout-flow wp-block-quote-is-layout-flow\"><p>&#8220;Estas pr\u00e1cticas son actos graves de intrusi\u00f3n, violatorios de derechos humanos y socavan la confianza de la poblaci\u00f3n en las instituciones del Estado&#8221;, expres\u00f3\u00a0<strong>Guillermo Fern\u00e1ndez-Maldonado<\/strong>, representante en M\u00e9xico de la ONU-DH en un pronunciamiento del organismo.<\/p><\/blockquote>\n\n\n\n<p>La ONU-DH se refiri\u00f3 al hackeo que hizo el grupo Guacamaya Leaks de miles de documentos de la Secretar\u00eda de la Defensa Nacional (<strong>Sedena<\/strong>) y a la investigaci\u00f3n period\u00edstica &#8220;Ej\u00e9rcito Esp\u00eda&#8221;, que la semana pasada divulgaron que el Ej\u00e9rcito habr\u00eda espiado, ya con L\u00f3pez Obrador en el poder, a periodistas y activistas.<\/p>\n\n\n\n<p>Aunque el presidente ha afirmado que su Gobierno &#8220;no esp\u00eda a nadie&#8221;, el organismo internacional advirti\u00f3 que &#8220;es deber del Estado mexicano esclarecer el alcance de las acciones de inteligencia, vigilancia e intervenci\u00f3n de comunicaciones bajo el cual operan tanto las autoridades civiles como militares&#8221;.<\/p>\n\n\n\n<blockquote class=\"wp-block-quote is-layout-flow wp-block-quote-is-layout-flow\"><p>&#8220;Los actos de vigilancia il\u00edcita tienen un efecto intimidatorio y env\u00edan una negativa se\u00f1al de intolerancia gubernamental a la cr\u00edtica, contrario al entorno libre y seguro que corresponde garantizar para el ejercicio del derecho a defender los derechos humanos y a la libertad de prensa&#8221;, agreg\u00f3 Fern\u00e1ndez-Maldonado.<\/p><\/blockquote>\n\n\n\n<p>El espionaje a periodistas se revela mientras la prensa en M\u00e9xico afronta una violencia in\u00e9dita, con 18 comunicadores asesinados en lo que va del a\u00f1o, seg\u00fan el conteo de la Sociedad Interamericana de Prensa (SIP).<\/p>\n\n\n\n<p>Tambi\u00e9n se difunde en medio de las crecientes pol\u00edticas de militarizaci\u00f3n de M\u00e9xico, como trasladar al Ej\u00e9rcito el control de la Guardia Nacional, un cuerpo que L\u00f3pez Obrador prometi\u00f3 mantener civil al crearlo en 2019, y las nuevas empresas estatales para que las Fuerzas Armadas administren aeropuertos y el Tren Maya.<\/p>\n\n\n\n<blockquote class=\"wp-block-quote is-layout-flow wp-block-quote-is-layout-flow\"><p>&#8220;Los hechos conocidos corroboran la importancia de los controles civiles sobre las Fuerzas Armadas\u201d, concluy\u00f3 Fern\u00e1ndez-Maldonado.<\/p><\/blockquote>\n\n\n\n<p>Antes, una investigaci\u00f3n de medios internacionales destap\u00f3 en 2021 que varios pa\u00edses intervinieron 50 mil tel\u00e9fonos con el programa&nbsp;<strong>Pegasus<\/strong>, de los que 15 mil casos fueron en M\u00e9xico durante el Gobierno de Enrique Pe\u00f1a Nieto (2012-2018), la cifra m\u00e1s alta del mundo.<\/p>\n\n\n\n<p>La investigaci\u00f3n revel\u00f3 que fueron intervenidas las comunicaciones de activistas y periodistas; del entonces l\u00edder opositor y actual presidente, L\u00f3pez Obrador, adem\u00e1s de algunos de sus colaboradores y su cardi\u00f3logo, as\u00ed como familiares de los 43 estudiantes desaparecidos en Ayotzinapa.\u00a0<\/p>\n\n\n\n<p>Fuente:<a href=\"https:\/\/www.eluniversal.com.mx\/mundo\/pegasus-onu-condena-espionaje-del-ejercito-mexicano-periodistas-y-activistas-en-este-sexenio\" data-type=\"URL\" data-id=\"https:\/\/www.eluniversal.com.mx\/mundo\/pegasus-onu-condena-espionaje-del-ejercito-mexicano-periodistas-y-activistas-en-este-sexenio\"> El Universal<\/a><\/p>\n","protected":false},"excerpt":{"rendered":"<p>La Oficina en M\u00e9xico del Alto Comisionado de las Naciones Unidas para los Derechos Humanos (ONU-DH) expres\u00f3 este martes su &#8220;profunda preocupaci\u00f3n&#8221; por el\u00a0espionaje\u00a0del Ej\u00e9rcito mexicano a periodistas y activistas cometido durante el actual Gobierno de\u00a0Andr\u00e9s Manuel L\u00f3pez Obrador. &#8220;Estas pr\u00e1cticas son actos graves de intrusi\u00f3n, violatorios de derechos humanos y socavan la confianza de [&hellip;]<\/p>\n","protected":false},"author":35,"featured_media":60062,"comment_status":"open","ping_status":"open","sticky":false,"template":"","format":"standard","meta":{"_monsterinsights_skip_tracking":false,"_monsterinsights_sitenote_active":false,"_monsterinsights_sitenote_note":"","_monsterinsights_sitenote_category":0,"footnotes":""},"categories":[157],"tags":[7379,5442,5124,513,457,162,6913],"class_list":["post-77940","post","type-post","status-publish","format-standard","has-post-thumbnail","hentry","category-nacional","tag-activistas","tag-condena","tag-espionaje","tag-onu","tag-periodistas","tag-portada","tag-sexenio","wp-image-borders"],"amp_enabled":true,"_links":{"self":[{"href":"https:\/\/nvnoticias.mx\/index.php\/wp-json\/wp\/v2\/posts\/77940","targetHints":{"allow":["GET"]}}],"collection":[{"href":"https:\/\/nvnoticias.mx\/index.php\/wp-json\/wp\/v2\/posts"}],"about":[{"href":"https:\/\/nvnoticias.mx\/index.php\/wp-json\/wp\/v2\/types\/post"}],"author":[{"embeddable":true,"href":"https:\/\/nvnoticias.mx\/index.php\/wp-json\/wp\/v2\/users\/35"}],"replies":[{"embeddable":true,"href":"https:\/\/nvnoticias.mx\/index.php\/wp-json\/wp\/v2\/comments?post=77940"}],"version-history":[{"count":1,"href":"https:\/\/nvnoticias.mx\/index.php\/wp-json\/wp\/v2\/posts\/77940\/revisions"}],"predecessor-version":[{"id":77941,"href":"https:\/\/nvnoticias.mx\/index.php\/wp-json\/wp\/v2\/posts\/77940\/revisions\/77941"}],"wp:featuredmedia":[{"embeddable":true,"href":"https:\/\/nvnoticias.mx\/index.php\/wp-json\/wp\/v2\/media\/60062"}],"wp:attachment":[{"href":"https:\/\/nvnoticias.mx\/index.php\/wp-json\/wp\/v2\/media?parent=77940"}],"wp:term":[{"taxonomy":"category","embeddable":true,"href":"https:\/\/nvnoticias.mx\/index.php\/wp-json\/wp\/v2\/categories?post=77940"},{"taxonomy":"post_tag","embeddable":true,"href":"https:\/\/nvnoticias.mx\/index.php\/wp-json\/wp\/v2\/tags?post=77940"}],"curies":[{"name":"wp","href":"https:\/\/api.w.org\/{rel}","templated":true}]}}