{"id":7783,"date":"2021-03-15T16:58:34","date_gmt":"2021-03-15T22:58:34","guid":{"rendered":"https:\/\/nvnoticias.mx\/?p=7783"},"modified":"2021-03-15T16:58:35","modified_gmt":"2021-03-15T22:58:35","slug":"avance-de-vacunacion-en-veracruz-es-de-93","status":"publish","type":"post","link":"https:\/\/nvnoticias.mx\/index.php\/2021\/03\/15\/avance-de-vacunacion-en-veracruz-es-de-93\/","title":{"rendered":"Avance de vacunaci\u00f3n de adultos mayores en Veracruz es de 93%"},"content":{"rendered":"\n<p><strong>Sam Ojeda\u00a0\/ NV Noticias<\/strong><\/p>\n\n\n\n<p>Xalapa.- El gobernador de Veracruz, Cuitl\u00e1huac Garc\u00eda Jim\u00e9nez, inform\u00f3 que el avance en la vacunaci\u00f3n contra el covid-19 de adultos mayores en Veracruz es del 93 por ciento.&nbsp;<\/p>\n\n\n\n<p>Y anunci\u00f3 que la pr\u00f3xima \u201cciudad grande\u201d que recibir\u00e1 un lote para la vacunaci\u00f3n de sus adultos mayores ser\u00e1 <strong>Boca del R\u00edo, y que est\u00e1 en planeaci\u00f3n lo mismo para los municipios de Poza Rica y Orizaba.\u00a0\u00a0<\/strong><\/p>\n\n\n\n<p>Adem\u00e1s, indic\u00f3 que esta semana se dar\u00e1 a conocer el calendario de vacunaci\u00f3n contra el covid-19 para adultos mayores que habitan en el municipio de Coatepec.&nbsp;<\/p>\n\n\n\n<p>La vacunaci\u00f3n incluir\u00e1 a la cabecera municipal, as\u00ed como a las localidades que lo conforman, por lo que pidi\u00f3 estar atento a la informaci\u00f3n de la Secretar\u00eda de Salud.\u00a0\u00a0<\/p>\n\n\n\n<blockquote class=\"wp-block-quote is-layout-flow wp-block-quote-is-layout-flow\"><p>\u201cEsta semana podr\u00eda darse ya la informaci\u00f3n del d\u00eda que le toca, esta misma semana se informar\u00e1; le pido a la poblaci\u00f3n que est\u00e9 atento porque se dar\u00e1 a conocer en la cabecera y las localidades\u201d.\u00a0\u00a0<\/p><\/blockquote>\n\n\n\n<p>En la conferencia de este lunes, el mandatario reconoci\u00f3 que aunque Veracruz se encuentra en sem\u00e1foro amarillo de riesgo epidemiol\u00f3gico, el descenso en los casos es lento y la entidad \u201cse ha estancado.&nbsp;&nbsp;&nbsp;<\/p>\n\n\n\n<blockquote class=\"wp-block-quote is-layout-flow wp-block-quote-is-layout-flow\"><p>\u201cNo hemos descendido fuertemente, nos estamos estancando y tenemos que evitar eso. A finales de noviembre llegamos abajo de 200 casos positivos activos y hoy seguimos descendiendo pero con lentitud. Todav\u00eda no es momento de confiarse, sigamos guardando d distancia, no hagamos fiestas ni acudamos a las aglomeraciones\u201d.\u00a0<\/p><\/blockquote>\n\n\n\n<p>Indic\u00f3 que actualmente hay 572 casos activos, que son los que pueden contagiar la enfermedad, por lo cual acept\u00f3 que es necesario hacer un esfuerzo adicional a fin de que el estado llegue a color verde.&nbsp;<\/p>\n\n\n\n<p>Cabe destacar que en el periodo del 15 al 28 de marzo, Veracruz tiene 46 municipios en riesgo alto ante la pandemia, 90 en riesgo medio y 76 en riesgo bajo.&nbsp;&nbsp;<\/p>\n","protected":false},"excerpt":{"rendered":"<p>Sam Ojeda\u00a0\/ NV Noticias Xalapa.- El gobernador de Veracruz, Cuitl\u00e1huac Garc\u00eda Jim\u00e9nez, inform\u00f3 que el avance en la vacunaci\u00f3n contra el covid-19 de adultos mayores en Veracruz es del 93 por ciento.&nbsp; Y anunci\u00f3 que la pr\u00f3xima \u201cciudad grande\u201d que recibir\u00e1 un lote para la vacunaci\u00f3n de sus adultos mayores ser\u00e1 Boca del R\u00edo, y [&hellip;]<\/p>\n","protected":false},"author":6,"featured_media":7427,"comment_status":"open","ping_status":"open","sticky":false,"template":"","format":"standard","meta":{"_monsterinsights_skip_tracking":false,"_monsterinsights_sitenote_active":false,"_monsterinsights_sitenote_note":"","_monsterinsights_sitenote_category":0,"footnotes":""},"categories":[156],"tags":[1390,1388,180],"class_list":["post-7783","post","type-post","status-publish","format-standard","has-post-thumbnail","hentry","category-estado","tag-adultos-mayores","tag-campana-vacunacion","tag-veracruz","wp-image-borders"],"amp_enabled":true,"_links":{"self":[{"href":"https:\/\/nvnoticias.mx\/index.php\/wp-json\/wp\/v2\/posts\/7783","targetHints":{"allow":["GET"]}}],"collection":[{"href":"https:\/\/nvnoticias.mx\/index.php\/wp-json\/wp\/v2\/posts"}],"about":[{"href":"https:\/\/nvnoticias.mx\/index.php\/wp-json\/wp\/v2\/types\/post"}],"author":[{"embeddable":true,"href":"https:\/\/nvnoticias.mx\/index.php\/wp-json\/wp\/v2\/users\/6"}],"replies":[{"embeddable":true,"href":"https:\/\/nvnoticias.mx\/index.php\/wp-json\/wp\/v2\/comments?post=7783"}],"version-history":[{"count":1,"href":"https:\/\/nvnoticias.mx\/index.php\/wp-json\/wp\/v2\/posts\/7783\/revisions"}],"predecessor-version":[{"id":7784,"href":"https:\/\/nvnoticias.mx\/index.php\/wp-json\/wp\/v2\/posts\/7783\/revisions\/7784"}],"wp:featuredmedia":[{"embeddable":true,"href":"https:\/\/nvnoticias.mx\/index.php\/wp-json\/wp\/v2\/media\/7427"}],"wp:attachment":[{"href":"https:\/\/nvnoticias.mx\/index.php\/wp-json\/wp\/v2\/media?parent=7783"}],"wp:term":[{"taxonomy":"category","embeddable":true,"href":"https:\/\/nvnoticias.mx\/index.php\/wp-json\/wp\/v2\/categories?post=7783"},{"taxonomy":"post_tag","embeddable":true,"href":"https:\/\/nvnoticias.mx\/index.php\/wp-json\/wp\/v2\/tags?post=7783"}],"curies":[{"name":"wp","href":"https:\/\/api.w.org\/{rel}","templated":true}]}}