{"id":77450,"date":"2022-10-07T14:13:43","date_gmt":"2022-10-07T19:13:43","guid":{"rendered":"https:\/\/nvnoticias.mx\/?p=77450"},"modified":"2022-10-07T14:13:43","modified_gmt":"2022-10-07T19:13:43","slug":"raul-potro-gutierrez-revela-que-todavia-no-hay-contrato-con-cruz-azul-para-el-siguiente-torneo","status":"publish","type":"post","link":"https:\/\/nvnoticias.mx\/index.php\/2022\/10\/07\/raul-potro-gutierrez-revela-que-todavia-no-hay-contrato-con-cruz-azul-para-el-siguiente-torneo\/","title":{"rendered":"Ra\u00fal &#8220;Potro&#8221; Guti\u00e9rrez revela que todav\u00eda no hay contrato con Cruz Azul para el siguiente torneo"},"content":{"rendered":"\n<p>Ra\u00fal Guti\u00e9rrez, t\u00e9cnico del\u00a0Cruz Azul, asegur\u00f3 que todav\u00eda no se han dado las pl\u00e1ticas con la directiva que puedan encaminar a las partes a firmar un nuevo contrato con miras al pr\u00f3ximo campeonato.<\/p>\n\n\n\n<p>El estratega que lleg\u00f3 para asumir la direcci\u00f3n t\u00e9cnica en sustituci\u00f3n del charr\u00faa\u00a0Diego Aguirre, como interino en primera instancia, le ha dado un sello particular al\u00a0Cruz Azul, de tal manera que lo recompuso y lo meti\u00f3 al repechaje, cerrando el torneo regular con cuatro triunfos.<\/p>\n\n\n\n<p>No obstante, eso no ha vuelto loca a la directiva cementera, que ha optado por irse con pies de plomo en torno a la direcci\u00f3n t\u00e9cnica del conjunto de La Noria, seg\u00fan explic\u00f3\u00a0Ra\u00fal Guti\u00e9rrez.<\/p>\n\n\n\n<blockquote class=\"wp-block-quote is-layout-flow wp-block-quote-is-layout-flow\"><p>&#8220;<em>Hablamos sobre ir partido tras partido, que mejor\u00e1ramos cosas, que cambi\u00e1ramos la percepci\u00f3n que se ten\u00eda del equipo; darle solidez, un mont\u00f3n de puntos que platicamos con el ingeniero (V\u00edctor Vel\u00e1zquez). \u00c9l quer\u00eda ver otra cosa del equipo&#8230; Estamos sobre lo hablado, estamos y\u00e9ndonos con calma en todo eso<\/em>&#8220;.<\/p><\/blockquote>\n\n\n\n<blockquote class=\"wp-block-quote is-layout-flow wp-block-quote-is-layout-flow\"><p><em>&#8220;A la gente no le gusta que diga esto, porque piensan que soy arrogante, pero estamos preparados y est\u00e1bamos preparados. Tengo un cuerpo t\u00e9cnico que ha respondido de maravilla a esta circunstancia que ten\u00edamos, tan compleja, y estamos muy felices de estar en ella<\/em>&#8220;, A\u00f1adi\u00f3\u00a0Ra\u00fal &#8216;Potro&#8217; Guti\u00e9rrez:<\/p><\/blockquote>\n\n\n\n<div class=\"wp-block-image\"><figure class=\"aligncenter size-large\"><img loading=\"lazy\" decoding=\"async\" width=\"570\" height=\"321\" src=\"https:\/\/nvnoticias.mx\/wp-content\/uploads\/2022\/10\/image-1.png\" alt=\"\" class=\"wp-image-77451\" srcset=\"https:\/\/nvnoticias.mx\/wp-content\/uploads\/2022\/10\/image-1.png 570w, https:\/\/nvnoticias.mx\/wp-content\/uploads\/2022\/10\/image-1-300x169.png 300w\" sizes=\"auto, (max-width: 570px) 100vw, 570px\" \/><\/figure><\/div>\n\n\n\n<p>Sostuvo que no le extra\u00f1a que a\u00fan no haya un compromiso a futuro para con \u00e9l, por parte de la directiva de\u00a0Cruz Azul: &#8220;Yo creo que es l\u00f3gico, \u00bfC\u00f3mo te van a hacer un contrato antes de que termine algo? Yo creo que tambi\u00e9n ahorita eso se est\u00e1 llevando as\u00ed&#8221;.<\/p>\n\n\n\n<blockquote class=\"wp-block-quote is-layout-flow wp-block-quote-is-layout-flow\"><p>&#8220;<em>Despu\u00e9s de terminar el torneo y ser campeones, hay mucho tiempo. Estoy trabajando para eso. Para mi esta oportunidad era algo que esperaba y estamos tratando de aprovechar esta oportunidad<\/em>&#8220;. Afirm\u00f3 Guti\u00e9rrez<\/p><\/blockquote>\n\n\n\n<p>Por otro lado,\u00a0Ra\u00fal Guti\u00e9rrez\u00a0asegur\u00f3 que previo a su partido de repesca ante el\u00a0Le\u00f3n, de cara a una posible Liguilla, no est\u00e1 tenso o nervioso, como lo estaba en sus dos primeros juegos con\u00a0Cruz Azul.<\/p>\n\n\n\n<p>Fuente: <a href=\"https:\/\/www.espn.com.mx\/futbol\/mexico\/nota\/_\/id\/11039145\/raul-gutierrez-revela-que-todavia-no-hay-contrato-con-cruz-azul-para-la-siguiente-temporada\">ESPN<\/a><\/p>\n","protected":false},"excerpt":{"rendered":"<p>Ra\u00fal Guti\u00e9rrez, t\u00e9cnico del\u00a0Cruz Azul, asegur\u00f3 que todav\u00eda no se han dado las pl\u00e1ticas con la directiva que puedan encaminar a las partes a firmar un nuevo contrato con miras al pr\u00f3ximo campeonato. El estratega que lleg\u00f3 para asumir la direcci\u00f3n t\u00e9cnica en sustituci\u00f3n del charr\u00faa\u00a0Diego Aguirre, como interino en primera instancia, le ha dado [&hellip;]<\/p>\n","protected":false},"author":8,"featured_media":77452,"comment_status":"open","ping_status":"open","sticky":false,"template":"","format":"standard","meta":{"_monsterinsights_skip_tracking":false,"_monsterinsights_sitenote_active":false,"_monsterinsights_sitenote_note":"","_monsterinsights_sitenote_category":0,"footnotes":""},"categories":[159],"tags":[361,18635],"class_list":["post-77450","post","type-post","status-publish","format-standard","has-post-thumbnail","hentry","category-deportes","tag-cruz-azul","tag-raul-potro-gutierrez","wp-image-borders"],"amp_enabled":true,"_links":{"self":[{"href":"https:\/\/nvnoticias.mx\/index.php\/wp-json\/wp\/v2\/posts\/77450","targetHints":{"allow":["GET"]}}],"collection":[{"href":"https:\/\/nvnoticias.mx\/index.php\/wp-json\/wp\/v2\/posts"}],"about":[{"href":"https:\/\/nvnoticias.mx\/index.php\/wp-json\/wp\/v2\/types\/post"}],"author":[{"embeddable":true,"href":"https:\/\/nvnoticias.mx\/index.php\/wp-json\/wp\/v2\/users\/8"}],"replies":[{"embeddable":true,"href":"https:\/\/nvnoticias.mx\/index.php\/wp-json\/wp\/v2\/comments?post=77450"}],"version-history":[{"count":1,"href":"https:\/\/nvnoticias.mx\/index.php\/wp-json\/wp\/v2\/posts\/77450\/revisions"}],"predecessor-version":[{"id":77453,"href":"https:\/\/nvnoticias.mx\/index.php\/wp-json\/wp\/v2\/posts\/77450\/revisions\/77453"}],"wp:featuredmedia":[{"embeddable":true,"href":"https:\/\/nvnoticias.mx\/index.php\/wp-json\/wp\/v2\/media\/77452"}],"wp:attachment":[{"href":"https:\/\/nvnoticias.mx\/index.php\/wp-json\/wp\/v2\/media?parent=77450"}],"wp:term":[{"taxonomy":"category","embeddable":true,"href":"https:\/\/nvnoticias.mx\/index.php\/wp-json\/wp\/v2\/categories?post=77450"},{"taxonomy":"post_tag","embeddable":true,"href":"https:\/\/nvnoticias.mx\/index.php\/wp-json\/wp\/v2\/tags?post=77450"}],"curies":[{"name":"wp","href":"https:\/\/api.w.org\/{rel}","templated":true}]}}