{"id":7745,"date":"2021-03-15T12:01:25","date_gmt":"2021-03-15T18:01:25","guid":{"rendered":"https:\/\/nvnoticias.mx\/?p=7745"},"modified":"2021-03-15T12:01:26","modified_gmt":"2021-03-15T18:01:26","slug":"actividades-de-semana-santa-dependeran-del-semaforo","status":"publish","type":"post","link":"https:\/\/nvnoticias.mx\/index.php\/2021\/03\/15\/actividades-de-semana-santa-dependeran-del-semaforo\/","title":{"rendered":"Actividades de Semana Santa depender\u00e1n del color del sem\u00e1foro"},"content":{"rendered":"\n<p><strong>Jes\u00fas Utrilla \/ NV Noticias<\/strong><\/p>\n\n\n\n<p>Veracruz. &#8211; Dependiendo del sem\u00e1foro epidemiol\u00f3gico se establecer\u00e1n actividades para Semana Santa en Veracruz, se\u00f1al\u00f3 el director de Turismo y Cultura, Jos\u00e9 Antonio Salvatori Bronca.<\/p>\n\n\n\n<p>Se tiene un primer proyecto de actividades que se realizar\u00edan del <strong>29 de marzo al 11 de abril<\/strong> en la ciudad de Veracruz, pero el d\u00eda 26 de marzo se conocer\u00e1 el comportamiento de los contagios.<\/p>\n\n\n\n<blockquote class=\"wp-block-quote is-layout-flow wp-block-quote-is-layout-flow\"><p>&#8220;Dentro de esas actividades son talleres, presentaciones art\u00edsticas en lo que viene siendo el z\u00f3calo de la ciudad, los callejones del centro hist\u00f3rico, y con eso estaremos reactivando todo lo que viene siendo el Centro Hist\u00f3rico y d\u00e1ndole tambi\u00e9n una serie de actividades a los turistas, siempre y cuando el sem\u00e1foro nos lo permita&#8221;.<\/p><\/blockquote>\n\n\n\n<p>De realizarse las actividades ser\u00e1n con cupo limitado de personas y con los filtros sanitarios adecuados.<\/p>\n\n\n\n<p>De acuerdo al sem\u00e1foro del coronavirus algunas podr\u00edan cancelarse o variar.<\/p>\n\n\n\n<p>La supervisi\u00f3n de playas, restaurantes y bares continuar\u00e1 a trav\u00e9s de las Direcciones de Comercio, Gobernaci\u00f3n y Protecci\u00f3n Civil.<\/p>\n\n\n\n<p>Sin embargo, hizo \u00e9nfasis en que habr\u00e1 todo un operativo de Semana Santa que ser\u00e1 coordinado por la Polic\u00eda Naval.<\/p>\n","protected":false},"excerpt":{"rendered":"<p>Jes\u00fas Utrilla \/ NV Noticias Veracruz. &#8211; Dependiendo del sem\u00e1foro epidemiol\u00f3gico se establecer\u00e1n actividades para Semana Santa en Veracruz, se\u00f1al\u00f3 el director de Turismo y Cultura, Jos\u00e9 Antonio Salvatori Bronca. Se tiene un primer proyecto de actividades que se realizar\u00edan del 29 de marzo al 11 de abril en la ciudad de Veracruz, pero el [&hellip;]<\/p>\n","protected":false},"author":6,"featured_media":7747,"comment_status":"open","ping_status":"open","sticky":false,"template":"","format":"standard","meta":{"_monsterinsights_skip_tracking":false,"_monsterinsights_sitenote_active":false,"_monsterinsights_sitenote_note":"","_monsterinsights_sitenote_category":0,"footnotes":""},"categories":[154],"tags":[175,162,436,1474],"class_list":["post-7745","post","type-post","status-publish","format-standard","has-post-thumbnail","hentry","category-veracruz","tag-covid-19","tag-portada","tag-semaforo","tag-semana-santa","wp-image-borders"],"amp_enabled":true,"_links":{"self":[{"href":"https:\/\/nvnoticias.mx\/index.php\/wp-json\/wp\/v2\/posts\/7745","targetHints":{"allow":["GET"]}}],"collection":[{"href":"https:\/\/nvnoticias.mx\/index.php\/wp-json\/wp\/v2\/posts"}],"about":[{"href":"https:\/\/nvnoticias.mx\/index.php\/wp-json\/wp\/v2\/types\/post"}],"author":[{"embeddable":true,"href":"https:\/\/nvnoticias.mx\/index.php\/wp-json\/wp\/v2\/users\/6"}],"replies":[{"embeddable":true,"href":"https:\/\/nvnoticias.mx\/index.php\/wp-json\/wp\/v2\/comments?post=7745"}],"version-history":[{"count":1,"href":"https:\/\/nvnoticias.mx\/index.php\/wp-json\/wp\/v2\/posts\/7745\/revisions"}],"predecessor-version":[{"id":7748,"href":"https:\/\/nvnoticias.mx\/index.php\/wp-json\/wp\/v2\/posts\/7745\/revisions\/7748"}],"wp:featuredmedia":[{"embeddable":true,"href":"https:\/\/nvnoticias.mx\/index.php\/wp-json\/wp\/v2\/media\/7747"}],"wp:attachment":[{"href":"https:\/\/nvnoticias.mx\/index.php\/wp-json\/wp\/v2\/media?parent=7745"}],"wp:term":[{"taxonomy":"category","embeddable":true,"href":"https:\/\/nvnoticias.mx\/index.php\/wp-json\/wp\/v2\/categories?post=7745"},{"taxonomy":"post_tag","embeddable":true,"href":"https:\/\/nvnoticias.mx\/index.php\/wp-json\/wp\/v2\/tags?post=7745"}],"curies":[{"name":"wp","href":"https:\/\/api.w.org\/{rel}","templated":true}]}}