{"id":77363,"date":"2022-10-07T10:17:44","date_gmt":"2022-10-07T15:17:44","guid":{"rendered":"https:\/\/nvnoticias.mx\/?p=77363"},"modified":"2022-10-07T10:17:45","modified_gmt":"2022-10-07T15:17:45","slug":"checo-perez-termina-decimo-y-cuarto-en-las-practicas-libres-1-y-2-del-gp-de-japon","status":"publish","type":"post","link":"https:\/\/nvnoticias.mx\/index.php\/2022\/10\/07\/checo-perez-termina-decimo-y-cuarto-en-las-practicas-libres-1-y-2-del-gp-de-japon\/","title":{"rendered":"Checo P\u00e9rez termina d\u00e9cimo y cuarto en las pr\u00e1cticas libres 1 y 2 del GP de Jap\u00f3n"},"content":{"rendered":"\n<p>La\u00a0decimoctava fecha del campeonato mundial de la\u00a0F\u00f3rmula 1\u00a0est\u00e1 en marcha.<\/p>\n\n\n\n<p>El\u00a0Circuito de Suzuka\u00a0ya vive la actividad de este fin de semana en la m\u00e1xima categor\u00eda, pues desde el jueves por la noche y viernes por la madrugada (tiempo de M\u00e9xico) los pilotos saltaron a la pista para dar inicio a las primeras pr\u00e1cticas libres.<\/p>\n\n\n\n<p>Durante las vueltas que se dieron, una buena cantidad de agua estuvo presente, gracias a las lluvias registradas previo al arranque de la\u00a0FP1.<\/p>\n\n\n\n<p><strong>CHECO P\u00c9REZ EN LAS PR\u00c1CTICAS LIBRES EN JAP\u00d3N<\/strong><\/p>\n\n\n\n<p>El piloto mexicano\u00a0Checo P\u00e9rez\u00a0llega como el m\u00e1s reciente ganador de una carrera de la F\u00f3rmula 1.<\/p>\n\n\n\n<p>P\u00e9rez, nacido en\u00a0Guadalajara, Jalisco, gan\u00f3 el domingo anterior el\u00a0Gran Premio de Singapur, para llegar a cuatro triunfos en la categor\u00eda reina y a dos en la presente temporada.<\/p>\n\n\n\n<p>Pero ya en&nbsp;<strong>Suzuka<\/strong>, as\u00ed le ha ido al tapat\u00edo hasta el momento:<\/p>\n\n\n\n<p><strong>FP1<\/strong>: Lugar 10<br><strong>FP2<\/strong>: Lugar 4<\/p>\n\n\n\n<p>Fuente: <a href=\"https:\/\/www.eluniversal.com.mx\/universal-deportes\/checo-perez-asi-le-fue-al-mexicano-en-las-practicas-libres-1-y-2-del-gp-de-japon\">El Universal<\/a><\/p>\n","protected":false},"excerpt":{"rendered":"<p>La\u00a0decimoctava fecha del campeonato mundial de la\u00a0F\u00f3rmula 1\u00a0est\u00e1 en marcha. El\u00a0Circuito de Suzuka\u00a0ya vive la actividad de este fin de semana en la m\u00e1xima categor\u00eda, pues desde el jueves por la noche y viernes por la madrugada (tiempo de M\u00e9xico) los pilotos saltaron a la pista para dar inicio a las primeras pr\u00e1cticas libres. Durante [&hellip;]<\/p>\n","protected":false},"author":8,"featured_media":9214,"comment_status":"open","ping_status":"open","sticky":false,"template":"","format":"standard","meta":{"_monsterinsights_skip_tracking":false,"_monsterinsights_sitenote_active":false,"_monsterinsights_sitenote_note":"","_monsterinsights_sitenote_category":0,"footnotes":""},"categories":[159],"tags":[2977,3699,19976],"class_list":["post-77363","post","type-post","status-publish","format-standard","has-post-thumbnail","hentry","category-deportes","tag-checo-perez","tag-f1","tag-gran-premio-de-japon","wp-image-borders"],"amp_enabled":true,"_links":{"self":[{"href":"https:\/\/nvnoticias.mx\/index.php\/wp-json\/wp\/v2\/posts\/77363","targetHints":{"allow":["GET"]}}],"collection":[{"href":"https:\/\/nvnoticias.mx\/index.php\/wp-json\/wp\/v2\/posts"}],"about":[{"href":"https:\/\/nvnoticias.mx\/index.php\/wp-json\/wp\/v2\/types\/post"}],"author":[{"embeddable":true,"href":"https:\/\/nvnoticias.mx\/index.php\/wp-json\/wp\/v2\/users\/8"}],"replies":[{"embeddable":true,"href":"https:\/\/nvnoticias.mx\/index.php\/wp-json\/wp\/v2\/comments?post=77363"}],"version-history":[{"count":1,"href":"https:\/\/nvnoticias.mx\/index.php\/wp-json\/wp\/v2\/posts\/77363\/revisions"}],"predecessor-version":[{"id":77364,"href":"https:\/\/nvnoticias.mx\/index.php\/wp-json\/wp\/v2\/posts\/77363\/revisions\/77364"}],"wp:featuredmedia":[{"embeddable":true,"href":"https:\/\/nvnoticias.mx\/index.php\/wp-json\/wp\/v2\/media\/9214"}],"wp:attachment":[{"href":"https:\/\/nvnoticias.mx\/index.php\/wp-json\/wp\/v2\/media?parent=77363"}],"wp:term":[{"taxonomy":"category","embeddable":true,"href":"https:\/\/nvnoticias.mx\/index.php\/wp-json\/wp\/v2\/categories?post=77363"},{"taxonomy":"post_tag","embeddable":true,"href":"https:\/\/nvnoticias.mx\/index.php\/wp-json\/wp\/v2\/tags?post=77363"}],"curies":[{"name":"wp","href":"https:\/\/api.w.org\/{rel}","templated":true}]}}