{"id":77312,"date":"2022-10-06T16:10:06","date_gmt":"2022-10-06T21:10:06","guid":{"rendered":"https:\/\/nvnoticias.mx\/?p=77312"},"modified":"2022-10-06T16:10:07","modified_gmt":"2022-10-06T21:10:07","slug":"feyenoord-empata-en-su-duelo-de-europa-league-santi-gimenez-entro-de-cambio","status":"publish","type":"post","link":"https:\/\/nvnoticias.mx\/index.php\/2022\/10\/06\/feyenoord-empata-en-su-duelo-de-europa-league-santi-gimenez-entro-de-cambio\/","title":{"rendered":"Feyenoord empata en su duelo de Europa League; Santi Gim\u00e9nez entr\u00f3 de cambio"},"content":{"rendered":"\n<p>El Feyenoord de Rotterdam empat\u00f3 2-2 en su visita al Midtjylland de Dinamarca, en duelo correspondiente a la tercera jornada de la Fase de Grupos de la UEFA Europa League.<\/p>\n\n\n\n<p>Sebastian Szymacski al minuto 21 y\u00a0Orkun K\u00f6kc\u00fc al 45&#8242; por la v\u00eda de los once pasos marcaron los goles para la escuadra neerlandesa, mientras por los daneses descont\u00f3\u00a0Gustav Isaksen al 54&#8242; y Jos\u00e9 Carlos Ferreira al 85&#8242;.<\/p>\n\n\n\n<figure class=\"wp-block-embed aligncenter is-type-rich is-provider-twitter wp-block-embed-twitter\"><div class=\"wp-block-embed__wrapper\">\n<blockquote class=\"twitter-tweet\" data-width=\"550\" data-dnt=\"true\"><p lang=\"nl\" dir=\"ltr\">Een punt&#8230; <a href=\"https:\/\/twitter.com\/hashtag\/midfey?src=hash&amp;ref_src=twsrc%5Etfw\">#midfey<\/a> \u2022 <a href=\"https:\/\/twitter.com\/hashtag\/UEL?src=hash&amp;ref_src=twsrc%5Etfw\">#UEL<\/a><\/p>&mdash; Feyenoord Rotterdam (@Feyenoord) <a href=\"https:\/\/twitter.com\/Feyenoord\/status\/1578127318660382754?ref_src=twsrc%5Etfw\">October 6, 2022<\/a><\/blockquote><script async src=\"https:\/\/platform.twitter.com\/widgets.js\" charset=\"utf-8\"><\/script>\n<\/div><\/figure>\n\n\n\n<p>En dicho encuentro tuvo participaci\u00f3n el atacante mexicano, Santiago Gim\u00e9nez, quien ingres\u00f3 de cambio en los minutos finales del cotejo, sin embargo poco pudo hacer en la ofensiva del Feyenoord.<\/p>\n\n\n\n<p>Con el empate, Feyenoord se encuentra en el primer lugar del Grupo F en la UEFA Europa League, con cuatro unidades, en un sector donde los cuatro equipos tienen la misma cantidad de puntos (4).<\/p>\n","protected":false},"excerpt":{"rendered":"<p>El Feyenoord de Rotterdam empat\u00f3 2-2 en su visita al Midtjylland de Dinamarca, en duelo correspondiente a la tercera jornada de la Fase de Grupos de la UEFA Europa League. Sebastian Szymacski al minuto 21 y\u00a0Orkun K\u00f6kc\u00fc al 45&#8242; por la v\u00eda de los once pasos marcaron los goles para la escuadra neerlandesa, mientras por [&hellip;]<\/p>\n","protected":false},"author":8,"featured_media":77313,"comment_status":"open","ping_status":"open","sticky":false,"template":"","format":"standard","meta":{"_monsterinsights_skip_tracking":false,"_monsterinsights_sitenote_active":false,"_monsterinsights_sitenote_note":"","_monsterinsights_sitenote_category":0,"footnotes":""},"categories":[159],"tags":[3479,17732],"class_list":["post-77312","post","type-post","status-publish","format-standard","has-post-thumbnail","hentry","category-deportes","tag-europa-league","tag-feyenoord","wp-image-borders"],"amp_enabled":true,"_links":{"self":[{"href":"https:\/\/nvnoticias.mx\/index.php\/wp-json\/wp\/v2\/posts\/77312","targetHints":{"allow":["GET"]}}],"collection":[{"href":"https:\/\/nvnoticias.mx\/index.php\/wp-json\/wp\/v2\/posts"}],"about":[{"href":"https:\/\/nvnoticias.mx\/index.php\/wp-json\/wp\/v2\/types\/post"}],"author":[{"embeddable":true,"href":"https:\/\/nvnoticias.mx\/index.php\/wp-json\/wp\/v2\/users\/8"}],"replies":[{"embeddable":true,"href":"https:\/\/nvnoticias.mx\/index.php\/wp-json\/wp\/v2\/comments?post=77312"}],"version-history":[{"count":1,"href":"https:\/\/nvnoticias.mx\/index.php\/wp-json\/wp\/v2\/posts\/77312\/revisions"}],"predecessor-version":[{"id":77314,"href":"https:\/\/nvnoticias.mx\/index.php\/wp-json\/wp\/v2\/posts\/77312\/revisions\/77314"}],"wp:featuredmedia":[{"embeddable":true,"href":"https:\/\/nvnoticias.mx\/index.php\/wp-json\/wp\/v2\/media\/77313"}],"wp:attachment":[{"href":"https:\/\/nvnoticias.mx\/index.php\/wp-json\/wp\/v2\/media?parent=77312"}],"wp:term":[{"taxonomy":"category","embeddable":true,"href":"https:\/\/nvnoticias.mx\/index.php\/wp-json\/wp\/v2\/categories?post=77312"},{"taxonomy":"post_tag","embeddable":true,"href":"https:\/\/nvnoticias.mx\/index.php\/wp-json\/wp\/v2\/tags?post=77312"}],"curies":[{"name":"wp","href":"https:\/\/api.w.org\/{rel}","templated":true}]}}