{"id":77309,"date":"2022-10-06T15:28:26","date_gmt":"2022-10-06T20:28:26","guid":{"rendered":"https:\/\/nvnoticias.mx\/?p=77309"},"modified":"2022-10-06T15:28:27","modified_gmt":"2022-10-06T20:28:27","slug":"para-combatir-la-violencia-se-requiere-un-codigo-nacional-penal-unico","status":"publish","type":"post","link":"https:\/\/nvnoticias.mx\/index.php\/2022\/10\/06\/para-combatir-la-violencia-se-requiere-un-codigo-nacional-penal-unico\/","title":{"rendered":"Para combatir la violencia se requiere un C\u00f3digo Nacional Penal \u00danico"},"content":{"rendered":"\n<p><strong>Jes\u00fas Utrilla \/ NV Noticias<\/strong><\/p>\n\n\n\n<p>M\u00e9xico necesita un C\u00f3digo \u00danico en materia Penal para combatir la violencia, se\u00f1al\u00f3 Gilberto Far\u00edas Morales, presidente del Colegio Nacional de Abogados Penalistas A.C.<\/p>\n\n\n\n<p>Env\u00edo un documento a la C\u00e1mara de Diputados y al Senado y se\u00f1ala que actualmente, existe un C\u00f3digo Penal Federal, un C\u00f3digo Fiscal, un C\u00f3digo de Justicia Militar y 32 c\u00f3digos penales en cada estado, por ello, se necesita una misma ley para el pa\u00eds, a trav\u00e9s de un C\u00f3digo Nacional Penal \u00danico que establezca los delitos, penas y sanciones que deban imponerse en todo el territorio nacional, ya que actualmente las penas y los delitos var\u00edan en uno y en otro estado.<\/p>\n\n\n\n<blockquote class=\"wp-block-quote is-layout-flow wp-block-quote-is-layout-flow\"><p>\u201c<em>En lo particular, consideramos que la impunidad deviene de la existencia de tantos c\u00f3digos penales que regulan las conductas delictivas. Lamentablemente, nuestro derecho penal est\u00e1 en crisis y se ha tratado de combatir el problema de procuraci\u00f3n y administraci\u00f3n de justicia mediante el aumento de penas y del cat\u00e1logo de delitos que ameritan prisi\u00f3n preventiva oficiosa o justificada, lamentablemente esto no ha dado resultados<\/em>\u201d.<\/p><\/blockquote>\n\n\n\n<p>Advirti\u00f3 que la delincuencia, la corrupci\u00f3n y la violaci\u00f3n a los derechos humanos, van en aumento y de forma alarmante.<\/p>\n\n\n\n<p>El problema se ha tratado de combatir mediante reformas a la legislaci\u00f3n penal, sin embargo, los esfuerzos no han sido eficaces para erradicar los delitos de alto impacto como el homicidio, secuestro, robo, feminicidio, delincuencia organizada, entre otros, por la existencia de diversas normas.<\/p>\n\n\n\n<p>V\u00edctimas de ello han sido periodistas, empresarios, intelectuales, pol\u00edticos, acad\u00e9micos, profesionistas, en s\u00ed la poblaci\u00f3n en general, esto ocasiona una amenaza y una perturbaci\u00f3n a la paz y al orden social.<\/p>\n\n\n\n<p>Un C\u00f3digo Penal \u00danico pueda ayudar a una justicia m\u00e1s pronta y expedita, que genere criterios uniformes en cuanto a la imposici\u00f3n de las penas y persecuci\u00f3n de los delitos. <\/p>\n\n\n\n<p>Adem\u00e1s la ley debe ser la misma en todo el territorio nacional y aplicarse por los juzgadores con respeto a los derechos humanos, a las garant\u00edas individuales y a los tratados internacionales.<\/p>\n","protected":false},"excerpt":{"rendered":"<p>Jes\u00fas Utrilla \/ NV Noticias M\u00e9xico necesita un C\u00f3digo \u00danico en materia Penal para combatir la violencia, se\u00f1al\u00f3 Gilberto Far\u00edas Morales, presidente del Colegio Nacional de Abogados Penalistas A.C. Env\u00edo un documento a la C\u00e1mara de Diputados y al Senado y se\u00f1ala que actualmente, existe un C\u00f3digo Penal Federal, un C\u00f3digo Fiscal, un C\u00f3digo de [&hellip;]<\/p>\n","protected":false},"author":8,"featured_media":52353,"comment_status":"open","ping_status":"open","sticky":false,"template":"","format":"standard","meta":{"_monsterinsights_skip_tracking":false,"_monsterinsights_sitenote_active":false,"_monsterinsights_sitenote_note":"","_monsterinsights_sitenote_category":0,"footnotes":""},"categories":[154],"tags":[19973,203],"class_list":["post-77309","post","type-post","status-publish","format-standard","has-post-thumbnail","hentry","category-veracruz","tag-codigo-penal-unico","tag-violencia","wp-image-borders"],"amp_enabled":true,"_links":{"self":[{"href":"https:\/\/nvnoticias.mx\/index.php\/wp-json\/wp\/v2\/posts\/77309","targetHints":{"allow":["GET"]}}],"collection":[{"href":"https:\/\/nvnoticias.mx\/index.php\/wp-json\/wp\/v2\/posts"}],"about":[{"href":"https:\/\/nvnoticias.mx\/index.php\/wp-json\/wp\/v2\/types\/post"}],"author":[{"embeddable":true,"href":"https:\/\/nvnoticias.mx\/index.php\/wp-json\/wp\/v2\/users\/8"}],"replies":[{"embeddable":true,"href":"https:\/\/nvnoticias.mx\/index.php\/wp-json\/wp\/v2\/comments?post=77309"}],"version-history":[{"count":1,"href":"https:\/\/nvnoticias.mx\/index.php\/wp-json\/wp\/v2\/posts\/77309\/revisions"}],"predecessor-version":[{"id":77311,"href":"https:\/\/nvnoticias.mx\/index.php\/wp-json\/wp\/v2\/posts\/77309\/revisions\/77311"}],"wp:featuredmedia":[{"embeddable":true,"href":"https:\/\/nvnoticias.mx\/index.php\/wp-json\/wp\/v2\/media\/52353"}],"wp:attachment":[{"href":"https:\/\/nvnoticias.mx\/index.php\/wp-json\/wp\/v2\/media?parent=77309"}],"wp:term":[{"taxonomy":"category","embeddable":true,"href":"https:\/\/nvnoticias.mx\/index.php\/wp-json\/wp\/v2\/categories?post=77309"},{"taxonomy":"post_tag","embeddable":true,"href":"https:\/\/nvnoticias.mx\/index.php\/wp-json\/wp\/v2\/tags?post=77309"}],"curies":[{"name":"wp","href":"https:\/\/api.w.org\/{rel}","templated":true}]}}