{"id":77234,"date":"2022-10-06T10:39:50","date_gmt":"2022-10-06T15:39:50","guid":{"rendered":"https:\/\/nvnoticias.mx\/?p=77234"},"modified":"2022-10-06T10:39:50","modified_gmt":"2022-10-06T15:39:50","slug":"pasa-dwayne-johnson-incomodo-momento-al-ser-cuestionado-sobre-belinda","status":"publish","type":"post","link":"https:\/\/nvnoticias.mx\/index.php\/2022\/10\/06\/pasa-dwayne-johnson-incomodo-momento-al-ser-cuestionado-sobre-belinda\/","title":{"rendered":"Pasa Dwayne Johnson inc\u00f3modo momento al ser cuestionado sobre Belinda"},"content":{"rendered":"\n<p>Dwayne Johnson, mejor conocido como &#8220;La Roca&#8221;, caus\u00f3 revuelo con su visita a M\u00e9xico. Sin embargo, no todo fue de color rosa, pues el famoso vivi\u00f3 un inc\u00f3modo momento al ser cuestionado sobre Belinda. Y es que al parecer se olvid\u00f3 de ella, a pesar de que trabajaron juntas en la cinta &#8220;Baywatch\u201d. <\/p>\n\n\n\n<p>Fue en un encuentro con varios medios de comunicaci\u00f3n en donde Dwayne Johnson &#8220;La Roca&#8221; fue cuestionado sobre la cantante y actriz Belinda. Espec\u00edficamente, lo cuestionaron sobre qu\u00e9 pensaba de la famosa. El actor y luchador de la WWE se mostr\u00f3 extra\u00f1ado de la pregunta y respondi\u00f3 con una pregunta: \u201c\u00bfqui\u00e9n?\u201d.<\/p>\n\n\n\n<blockquote class=\"wp-block-quote is-layout-flow wp-block-quote-is-layout-flow\"><p> &#8220;\u00bfQui\u00e9n es?&#8221;, reaccion\u00f3. <\/p><\/blockquote>\n\n\n\n<p>Ante la respuesta, algunos reporteros le recordaron qui\u00e9n era, raz\u00f3n por la que como todo un caballero respondi\u00f3 positivamente. Como si en realidad supiera de qui\u00e9n hablaban. <\/p>\n\n\n\n<blockquote class=\"wp-block-quote is-layout-flow wp-block-quote-is-layout-flow\"><p>&#8220;Oh, s\u00ed, s\u00ed, me acuerdo, s\u00ed. Ella fue incre\u00edble, adem\u00e1s de ser un gran ser humano tambi\u00e9n. Ella fue muy amable, muy dulce, me acuerdo de eso&#8221;, respondi\u00f3. <\/p><\/blockquote>\n\n\n\n<p>Finalmente, el actor termin\u00f3 y\u00e9ndose del lugar y agradeci\u00f3 a todos los reporteros. Como era de esperarse, para muchos, la actitud del famoso fue prueba de que no recordaba a Belinda. <\/p>\n\n\n\n<p>Fuente: <a href=\"https:\/\/www.milenio.com\/espectaculos\/famosos\/dwayne-johnson-la-roca-cuestionado-sobre-belinda-no-la-recuerda\" data-type=\"URL\" data-id=\"https:\/\/www.milenio.com\/espectaculos\/famosos\/dwayne-johnson-la-roca-cuestionado-sobre-belinda-no-la-recuerda\">Milenio<\/a><\/p>\n","protected":false},"excerpt":{"rendered":"<p>Dwayne Johnson, mejor conocido como &#8220;La Roca&#8221;, caus\u00f3 revuelo con su visita a M\u00e9xico. Sin embargo, no todo fue de color rosa, pues el famoso vivi\u00f3 un inc\u00f3modo momento al ser cuestionado sobre Belinda. Y es que al parecer se olvid\u00f3 de ella, a pesar de que trabajaron juntas en la cinta &#8220;Baywatch\u201d. Fue en [&hellip;]<\/p>\n","protected":false},"author":35,"featured_media":77235,"comment_status":"open","ping_status":"open","sticky":false,"template":"","format":"standard","meta":{"_monsterinsights_skip_tracking":false,"_monsterinsights_sitenote_active":false,"_monsterinsights_sitenote_note":"","_monsterinsights_sitenote_category":0,"footnotes":""},"categories":[576],"tags":[1705,19952,5924,19951],"class_list":["post-77234","post","type-post","status-publish","format-standard","has-post-thumbnail","hentry","category-ocio","tag-belinda","tag-cuestionado","tag-dwayne-johnson","tag-incomodo","wp-image-borders"],"amp_enabled":true,"_links":{"self":[{"href":"https:\/\/nvnoticias.mx\/index.php\/wp-json\/wp\/v2\/posts\/77234","targetHints":{"allow":["GET"]}}],"collection":[{"href":"https:\/\/nvnoticias.mx\/index.php\/wp-json\/wp\/v2\/posts"}],"about":[{"href":"https:\/\/nvnoticias.mx\/index.php\/wp-json\/wp\/v2\/types\/post"}],"author":[{"embeddable":true,"href":"https:\/\/nvnoticias.mx\/index.php\/wp-json\/wp\/v2\/users\/35"}],"replies":[{"embeddable":true,"href":"https:\/\/nvnoticias.mx\/index.php\/wp-json\/wp\/v2\/comments?post=77234"}],"version-history":[{"count":1,"href":"https:\/\/nvnoticias.mx\/index.php\/wp-json\/wp\/v2\/posts\/77234\/revisions"}],"predecessor-version":[{"id":77236,"href":"https:\/\/nvnoticias.mx\/index.php\/wp-json\/wp\/v2\/posts\/77234\/revisions\/77236"}],"wp:featuredmedia":[{"embeddable":true,"href":"https:\/\/nvnoticias.mx\/index.php\/wp-json\/wp\/v2\/media\/77235"}],"wp:attachment":[{"href":"https:\/\/nvnoticias.mx\/index.php\/wp-json\/wp\/v2\/media?parent=77234"}],"wp:term":[{"taxonomy":"category","embeddable":true,"href":"https:\/\/nvnoticias.mx\/index.php\/wp-json\/wp\/v2\/categories?post=77234"},{"taxonomy":"post_tag","embeddable":true,"href":"https:\/\/nvnoticias.mx\/index.php\/wp-json\/wp\/v2\/tags?post=77234"}],"curies":[{"name":"wp","href":"https:\/\/api.w.org\/{rel}","templated":true}]}}