{"id":77199,"date":"2022-10-05T19:08:58","date_gmt":"2022-10-06T00:08:58","guid":{"rendered":"https:\/\/nvnoticias.mx\/?p=77199"},"modified":"2022-10-05T19:08:59","modified_gmt":"2022-10-06T00:08:59","slug":"asesinan-a-la-diputada-gabriela-marin-en-cuernavaca-morelos","status":"publish","type":"post","link":"https:\/\/nvnoticias.mx\/index.php\/2022\/10\/05\/asesinan-a-la-diputada-gabriela-marin-en-cuernavaca-morelos\/","title":{"rendered":"Asesinan a la diputada Gabriela Mar\u00edn en Cuernavaca, Morelos"},"content":{"rendered":"\n<p>La diputada local plurinominal Gabriela Mar\u00edn, del partido Morelos Progresa, fue asesinada la tarde de este mi\u00e9rcoles al exterior de una farmacia en la colonia Del Empleado, en Cuernavaca, luego de ser atacada con disparos de arma de fuego en el que un masculino tambi\u00e9n result\u00f3 herido. <\/p>\n\n\n\n<p>La Comisi\u00f3n Estatal de Seguridad (CES) confirm\u00f3 la muerte y anunci\u00f3 la puesta en marcha de un operativo por tierra y aire para detener a los presuntos responsables. <\/p>\n\n\n\n<figure class=\"wp-block-embed aligncenter is-type-rich is-provider-twitter wp-block-embed-twitter\"><div class=\"wp-block-embed__wrapper\">\n<blockquote class=\"twitter-tweet\" data-width=\"550\" data-dnt=\"true\"><p lang=\"es\" dir=\"ltr\"><a href=\"https:\/\/twitter.com\/hashtag\/Almomento?src=hash&amp;ref_src=twsrc%5Etfw\">#Almomento<\/a><a href=\"https:\/\/twitter.com\/hashtag\/Polic%C3%ADaMorelos?src=hash&amp;ref_src=twsrc%5Etfw\">#Polic\u00edaMorelos<\/a> implementa operativo de b\u00fasqueda de los presuntos responsables de ataque armado en donde perdiera la vida la diputada Gabriela &quot;N&quot; en el municipio de <a href=\"https:\/\/twitter.com\/hashtag\/Cuernavaca?src=hash&amp;ref_src=twsrc%5Etfw\">#Cuernavaca<\/a> y un masculino resultara lesionado. <a href=\"https:\/\/t.co\/NdugrT6YrC\">pic.twitter.com\/NdugrT6YrC<\/a><\/p>&mdash; CES Morelos (@CES_Morelos) <a href=\"https:\/\/twitter.com\/CES_Morelos\/status\/1577803624784068608?ref_src=twsrc%5Etfw\">October 5, 2022<\/a><\/blockquote><script async src=\"https:\/\/platform.twitter.com\/widgets.js\" charset=\"utf-8\"><\/script>\n<\/div><\/figure>\n\n\n\n<p>Las primeras versiones es que la legisladora podr\u00eda haber sido v\u00edctima de un intento de asalto; su cuerpo yace entre los veh\u00edculos estacionados afuera de la farmacia. <\/p>\n\n\n\n<h4 class=\"wp-block-heading\">Cuauht\u00e9moc Blanco condena asesinato <\/h4>\n\n\n\n<p>En un mensaje en su cuenta de Twitter, el gobernado de Morelos,\u00a0 Cuauht\u00e9moc Blanco conden\u00f3 el &#8220;cobarde asesinato de la diputada local Gabriela Mar\u00edn&#8221;. <\/p>\n\n\n\n<p>Y asegur\u00f3 que se ha\u00a0desplegado un operativo de seguridad a fin de dar con los responsables.\u00a0 <\/p>\n\n\n\n<figure class=\"wp-block-embed aligncenter is-type-rich is-provider-twitter wp-block-embed-twitter\"><div class=\"wp-block-embed__wrapper\">\n<blockquote class=\"twitter-tweet\" data-width=\"550\" data-dnt=\"true\"><p lang=\"es\" dir=\"ltr\">Condeno el cobarde asesinato de la diputada local Gabriela Mar\u00edn. Se ha desplegado el operativo de seguridad a fin de dar con los responsables. En Morelos no vamos a permitir ataques que vulneren a nuestra sociedad. <br><br>Estamos con familiares y amigos de la legisladora. <a href=\"https:\/\/t.co\/1e0lLIkL12\">pic.twitter.com\/1e0lLIkL12<\/a><\/p>&mdash; Cuauht\u00e9moc Blanco (@cuauhtemocb10) <a href=\"https:\/\/twitter.com\/cuauhtemocb10\/status\/1577805073257750534?ref_src=twsrc%5Etfw\">October 5, 2022<\/a><\/blockquote><script async src=\"https:\/\/platform.twitter.com\/widgets.js\" charset=\"utf-8\"><\/script>\n<\/div><\/figure>\n\n\n\n<p>Fuente: <a href=\"https:\/\/www.milenio.com\/estados\/morelos-asesinan-a-diputada-plurinominal-en-cuernavaca\">Milenio<\/a><\/p>\n","protected":false},"excerpt":{"rendered":"<p>La diputada local plurinominal Gabriela Mar\u00edn, del partido Morelos Progresa, fue asesinada la tarde de este mi\u00e9rcoles al exterior de una farmacia en la colonia Del Empleado, en Cuernavaca, luego de ser atacada con disparos de arma de fuego en el que un masculino tambi\u00e9n result\u00f3 herido. La Comisi\u00f3n Estatal de Seguridad (CES) confirm\u00f3 la [&hellip;]<\/p>\n","protected":false},"author":8,"featured_media":77200,"comment_status":"open","ping_status":"open","sticky":false,"template":"","format":"standard","meta":{"_monsterinsights_skip_tracking":false,"_monsterinsights_sitenote_active":false,"_monsterinsights_sitenote_note":"","_monsterinsights_sitenote_category":0,"footnotes":""},"categories":[158],"tags":[1431,12246,2877,19941],"class_list":["post-77199","post","type-post","status-publish","format-standard","has-post-thumbnail","hentry","category-politica","tag-asesinato","tag-cuernavaca","tag-diputada","tag-gabriela-marin","wp-image-borders"],"amp_enabled":true,"_links":{"self":[{"href":"https:\/\/nvnoticias.mx\/index.php\/wp-json\/wp\/v2\/posts\/77199","targetHints":{"allow":["GET"]}}],"collection":[{"href":"https:\/\/nvnoticias.mx\/index.php\/wp-json\/wp\/v2\/posts"}],"about":[{"href":"https:\/\/nvnoticias.mx\/index.php\/wp-json\/wp\/v2\/types\/post"}],"author":[{"embeddable":true,"href":"https:\/\/nvnoticias.mx\/index.php\/wp-json\/wp\/v2\/users\/8"}],"replies":[{"embeddable":true,"href":"https:\/\/nvnoticias.mx\/index.php\/wp-json\/wp\/v2\/comments?post=77199"}],"version-history":[{"count":1,"href":"https:\/\/nvnoticias.mx\/index.php\/wp-json\/wp\/v2\/posts\/77199\/revisions"}],"predecessor-version":[{"id":77201,"href":"https:\/\/nvnoticias.mx\/index.php\/wp-json\/wp\/v2\/posts\/77199\/revisions\/77201"}],"wp:featuredmedia":[{"embeddable":true,"href":"https:\/\/nvnoticias.mx\/index.php\/wp-json\/wp\/v2\/media\/77200"}],"wp:attachment":[{"href":"https:\/\/nvnoticias.mx\/index.php\/wp-json\/wp\/v2\/media?parent=77199"}],"wp:term":[{"taxonomy":"category","embeddable":true,"href":"https:\/\/nvnoticias.mx\/index.php\/wp-json\/wp\/v2\/categories?post=77199"},{"taxonomy":"post_tag","embeddable":true,"href":"https:\/\/nvnoticias.mx\/index.php\/wp-json\/wp\/v2\/tags?post=77199"}],"curies":[{"name":"wp","href":"https:\/\/api.w.org\/{rel}","templated":true}]}}