{"id":77146,"date":"2022-10-05T13:55:03","date_gmt":"2022-10-05T18:55:03","guid":{"rendered":"https:\/\/nvnoticias.mx\/?p=77146"},"modified":"2022-10-05T13:55:03","modified_gmt":"2022-10-05T18:55:03","slug":"el-partido-de-nadal-en-cdmx-sera-en-diciembre","status":"publish","type":"post","link":"https:\/\/nvnoticias.mx\/index.php\/2022\/10\/05\/el-partido-de-nadal-en-cdmx-sera-en-diciembre\/","title":{"rendered":"El partido de Nadal en CDMX ser\u00e1 en Diciembre"},"content":{"rendered":"\n<p>Rafael Nadal, n\u00famero dos del ranking de la ATP, se enfrentar\u00e1 al noruego Casper Ruud,\u00a0tercero, en una partido de exhibici\u00f3n el pr\u00f3ximo 1 de diciembre en la\u00a0Plaza de Toros &#8216;La M\u00e9xico&#8217; de Ciudad de M\u00e9xico.<\/p>\n\n\n\n<p>El encuentro formar\u00e1 parte de una gira latinoamericana en la que ambos tenistas jugar\u00e1n exhibiciones\u00a0en las capitales de Argentina, Colombia y Ecuador y en Belo Horizonte, Brasil.<\/p>\n\n\n\n<p>Nadal, m\u00e1ximo ganador de Grand Slams con 22, le dar\u00e1 revancha a Ruud, despu\u00e9s de derrotarlo en la final de Roland Garros en junio pasado. Aquella final fue su decimocuarto t\u00edtulo en el abierto franc\u00e9s, el Grand Slam que m\u00e1s ha ganado en su carrera.<\/p>\n\n\n\n<p>Mientras que Ruud, que a\u00fan no gana uno de los cuatro torneos m\u00e1s importantes de la ATP, viene de caer en septiembre pasado en la final del US Open ante el espa\u00f1ol Carlos Alcaraz, la nueva figura del tenis que ocupa el primer lugar del ranking de la ATP.<\/p>\n\n\n\n<p>Nadal y Ruud copiar\u00e1n en M\u00e9xico lo que hicieron Roger Federer y el alem\u00e1n Alexander Zverev cuando en 2019 jugaron en ante 42.517 aficionados,\u00a0lo que fue un r\u00e9cord de asistencia mundial para un partido de tenis. En aquel entonces Federer, en su \u00fanica visita para disputar un encuentro en M\u00e9xico, derrot\u00f3 por 3-6, 6-4 y 6-2 a Zverev.<\/p>\n\n\n\n<p>Se espera que para el duelo entre Nadal y Ruud haya una cantidad igual o superior a los 42.517 aficionados.<\/p>\n\n\n\n<p>Fuente: <a href=\"https:\/\/www.espn.com.mx\/tenis\/nota\/_\/id\/11030193\/nadal-se-enfrentara-a-ruud-en-la-ciudad-de-mexico-en-diciembre\">ESPN<\/a><\/p>\n","protected":false},"excerpt":{"rendered":"<p>Rafael Nadal, n\u00famero dos del ranking de la ATP, se enfrentar\u00e1 al noruego Casper Ruud,\u00a0tercero, en una partido de exhibici\u00f3n el pr\u00f3ximo 1 de diciembre en la\u00a0Plaza de Toros &#8216;La M\u00e9xico&#8217; de Ciudad de M\u00e9xico. El encuentro formar\u00e1 parte de una gira latinoamericana en la que ambos tenistas jugar\u00e1n exhibiciones\u00a0en las capitales de Argentina, Colombia [&hellip;]<\/p>\n","protected":false},"author":8,"featured_media":42780,"comment_status":"open","ping_status":"open","sticky":false,"template":"","format":"standard","meta":{"_monsterinsights_skip_tracking":false,"_monsterinsights_sitenote_active":false,"_monsterinsights_sitenote_note":"","_monsterinsights_sitenote_category":0,"footnotes":""},"categories":[159],"tags":[307,6338,3609],"class_list":["post-77146","post","type-post","status-publish","format-standard","has-post-thumbnail","hentry","category-deportes","tag-cdmx","tag-diciembre","tag-rafael-nadal","wp-image-borders"],"amp_enabled":true,"_links":{"self":[{"href":"https:\/\/nvnoticias.mx\/index.php\/wp-json\/wp\/v2\/posts\/77146","targetHints":{"allow":["GET"]}}],"collection":[{"href":"https:\/\/nvnoticias.mx\/index.php\/wp-json\/wp\/v2\/posts"}],"about":[{"href":"https:\/\/nvnoticias.mx\/index.php\/wp-json\/wp\/v2\/types\/post"}],"author":[{"embeddable":true,"href":"https:\/\/nvnoticias.mx\/index.php\/wp-json\/wp\/v2\/users\/8"}],"replies":[{"embeddable":true,"href":"https:\/\/nvnoticias.mx\/index.php\/wp-json\/wp\/v2\/comments?post=77146"}],"version-history":[{"count":1,"href":"https:\/\/nvnoticias.mx\/index.php\/wp-json\/wp\/v2\/posts\/77146\/revisions"}],"predecessor-version":[{"id":77147,"href":"https:\/\/nvnoticias.mx\/index.php\/wp-json\/wp\/v2\/posts\/77146\/revisions\/77147"}],"wp:featuredmedia":[{"embeddable":true,"href":"https:\/\/nvnoticias.mx\/index.php\/wp-json\/wp\/v2\/media\/42780"}],"wp:attachment":[{"href":"https:\/\/nvnoticias.mx\/index.php\/wp-json\/wp\/v2\/media?parent=77146"}],"wp:term":[{"taxonomy":"category","embeddable":true,"href":"https:\/\/nvnoticias.mx\/index.php\/wp-json\/wp\/v2\/categories?post=77146"},{"taxonomy":"post_tag","embeddable":true,"href":"https:\/\/nvnoticias.mx\/index.php\/wp-json\/wp\/v2\/tags?post=77146"}],"curies":[{"name":"wp","href":"https:\/\/api.w.org\/{rel}","templated":true}]}}