{"id":77142,"date":"2022-10-05T13:51:31","date_gmt":"2022-10-05T18:51:31","guid":{"rendered":"https:\/\/nvnoticias.mx\/?p=77142"},"modified":"2022-10-05T13:51:32","modified_gmt":"2022-10-05T18:51:32","slug":"rehabilitaran-el-drenaje-sanitario-y-la-red-de-agua-potable-en-la-colonia-carranza","status":"publish","type":"post","link":"https:\/\/nvnoticias.mx\/index.php\/2022\/10\/05\/rehabilitaran-el-drenaje-sanitario-y-la-red-de-agua-potable-en-la-colonia-carranza\/","title":{"rendered":"Rehabilitar\u00e1n el drenaje sanitario y la red de agua potable en la colonia Carranza"},"content":{"rendered":"\n<p><strong>Jes\u00fas Utrilla \/ NV Noticias<\/strong><\/p>\n\n\n\n<p>El alcalde de Boca del R\u00edo, Juan Manuel Un\u00e1nue&nbsp;&nbsp;dio el banderazo de inicio de la obra \u201cRehabilitaci\u00f3n del Drenaje Sanitario y Red de Agua Potable\u201d, en la colonia Carranza.<\/p>\n\n\n\n<p>Se invertir\u00e1n 19 millones 100 mil pesos en la construcci\u00f3n de 3 mil 175 metros cuadrados de banquetas con concreto premezclado, 1283 metros lineales de guarniciones, adem\u00e1s de 8 mil metros cuadrados en concreto hidr\u00e1ulico, as\u00ed como 550 metros de descargas domiciliarias, 94 piezas de registro sanitario, adem\u00e1s de 875 metros lineales de tuber\u00eda hidr\u00e1ulica de 4 pulgadas de di\u00e1metro.<\/p>\n\n\n\n<p>Las acciones se efectuar\u00e1n en la Calle 20 entre Calle Graciano S\u00e1nchez y Avenida 29 con una&nbsp;&nbsp;inversi\u00f3n superior de 19 millones de pesos.<\/p>\n\n\n\n<p>Se estima que dichos trabajos queden listos antes de que concluya el a\u00f1o, haciendo hincapi\u00e9 en que mucho depender\u00e1 del tema de las lluvias.<\/p>\n\n\n\n<blockquote class=\"wp-block-quote is-layout-flow wp-block-quote-is-layout-flow\"><p>&#8220;<em>Esto nos permitir\u00e1 ya no tener inundaciones en esta zona y ser\u00e1 una avenida que tendr\u00e1 una duraci\u00f3n de muchos a\u00f1os, estamos viendo las avenidas que se hicieron en concreto hidr\u00e1ulico y que tienen a\u00f1os, solo se est\u00e1n rehabilitando y se\u00f1alizando. Esperemos tenerla antes de que concluya el a\u00f1o dependiendo de c\u00f3mo nos vaya con el tema de lluvias<\/em>&#8220;.<\/p><\/blockquote>\n\n\n\n<p>Afirm\u00f3 que las obras de toda la ciudad avanzan en tiempo y forma como en la avenida Juan Pablo II.<\/p>\n\n\n\n<p>El plan municipal de obras contempla la realizaci\u00f3n de infraestructura en todo el municipio, adem\u00e1s se mantiene el programa general de bacheo.<\/p>\n\n\n\n<blockquote class=\"wp-block-quote is-layout-flow wp-block-quote-is-layout-flow\"><p>\u201c<em>La semana lo permiti\u00f3 echar concreto en gran parte de la zona que se esta construyendo, el camell\u00f3n, ambas banquetas\u00a0\u00a0y si el tiempo lo permite tendr\u00e1 una ejecuci\u00f3n aproximada de casi 3 meses<\/em>\u201d.<\/p><\/blockquote>\n\n\n\n<p>Reiter\u00f3 que las vialidades que se han realizado con concreto hidr\u00e1ulico tienen una mayor durabilidad y menos baches en comparaci\u00f3n a las calles construidas con pavimento.<\/p>\n","protected":false},"excerpt":{"rendered":"<p>Jes\u00fas Utrilla \/ NV Noticias El alcalde de Boca del R\u00edo, Juan Manuel Un\u00e1nue&nbsp;&nbsp;dio el banderazo de inicio de la obra \u201cRehabilitaci\u00f3n del Drenaje Sanitario y Red de Agua Potable\u201d, en la colonia Carranza. Se invertir\u00e1n 19 millones 100 mil pesos en la construcci\u00f3n de 3 mil 175 metros cuadrados de banquetas con concreto premezclado, [&hellip;]<\/p>\n","protected":false},"author":8,"featured_media":77144,"comment_status":"open","ping_status":"open","sticky":false,"template":"","format":"standard","meta":{"_monsterinsights_skip_tracking":false,"_monsterinsights_sitenote_active":false,"_monsterinsights_sitenote_note":"","_monsterinsights_sitenote_category":0,"footnotes":""},"categories":[154],"tags":[19933,13651,367],"class_list":["post-77142","post","type-post","status-publish","format-standard","has-post-thumbnail","hentry","category-veracruz","tag-col-carranza","tag-drenaje-sanitario","tag-rehabilitacion","wp-image-borders"],"amp_enabled":true,"_links":{"self":[{"href":"https:\/\/nvnoticias.mx\/index.php\/wp-json\/wp\/v2\/posts\/77142","targetHints":{"allow":["GET"]}}],"collection":[{"href":"https:\/\/nvnoticias.mx\/index.php\/wp-json\/wp\/v2\/posts"}],"about":[{"href":"https:\/\/nvnoticias.mx\/index.php\/wp-json\/wp\/v2\/types\/post"}],"author":[{"embeddable":true,"href":"https:\/\/nvnoticias.mx\/index.php\/wp-json\/wp\/v2\/users\/8"}],"replies":[{"embeddable":true,"href":"https:\/\/nvnoticias.mx\/index.php\/wp-json\/wp\/v2\/comments?post=77142"}],"version-history":[{"count":1,"href":"https:\/\/nvnoticias.mx\/index.php\/wp-json\/wp\/v2\/posts\/77142\/revisions"}],"predecessor-version":[{"id":77145,"href":"https:\/\/nvnoticias.mx\/index.php\/wp-json\/wp\/v2\/posts\/77142\/revisions\/77145"}],"wp:featuredmedia":[{"embeddable":true,"href":"https:\/\/nvnoticias.mx\/index.php\/wp-json\/wp\/v2\/media\/77144"}],"wp:attachment":[{"href":"https:\/\/nvnoticias.mx\/index.php\/wp-json\/wp\/v2\/media?parent=77142"}],"wp:term":[{"taxonomy":"category","embeddable":true,"href":"https:\/\/nvnoticias.mx\/index.php\/wp-json\/wp\/v2\/categories?post=77142"},{"taxonomy":"post_tag","embeddable":true,"href":"https:\/\/nvnoticias.mx\/index.php\/wp-json\/wp\/v2\/tags?post=77142"}],"curies":[{"name":"wp","href":"https:\/\/api.w.org\/{rel}","templated":true}]}}