{"id":77111,"date":"2022-10-05T12:34:34","date_gmt":"2022-10-05T17:34:34","guid":{"rendered":"https:\/\/nvnoticias.mx\/?p=77111"},"modified":"2022-10-05T12:34:35","modified_gmt":"2022-10-05T17:34:35","slug":"han-detenido-a-36-personas-por-tala-clandestina","status":"publish","type":"post","link":"https:\/\/nvnoticias.mx\/index.php\/2022\/10\/05\/han-detenido-a-36-personas-por-tala-clandestina\/","title":{"rendered":"Han detenido a 36 personas por tala clandestina"},"content":{"rendered":"\n<p><strong>Sam Ojeda\u00a0\/ NV Noticias<\/strong><\/p>\n\n\n\n<p>Xalapa.- El secretario del Medio Ambiente, Juan Carlos Contreras Bautista, inform\u00f3 que se han detenido al menos a 36 personas por cuestiones de tala clandestina.\u00a0<\/p>\n\n\n\n<p>Adem\u00e1s, dijo que a trav\u00e9s de los operativos coordinados con autoridades federales se han clausurado aserraderos y se han inmovilizado maquinaria y unidades que se usan para cometer este delito.\u00a0<\/p>\n\n\n\n<blockquote class=\"wp-block-quote is-layout-flow wp-block-quote-is-layout-flow\"><p>\u201c<em>Ha habido cerca de 36 detenidos por tala clandestina, aserraderos clausurados. SI visitaban el Cofre de Perote hace un a\u00f1o y lo hacen \u00e1gora ver\u00e1n la diferencia de \u00e1rboles, no todos son ilegales pero los operativos han ayudado a disminuir la tala<\/em>\u201d.<\/p><\/blockquote>\n\n\n\n<p>A\u00f1adi\u00f3 que ya se recuperaron a trav\u00e9s de siembra las 650 hect\u00e1reas que se vieron afectadas por un incendio en la reserva de San Juan del Monte en el municipio de Las Vigas de Ram\u00edrez.\u00a0<\/p>\n\n\n\n<p>Dijo que en este espacio el porcentaje de sobrevivencia llega a ser del 90 por ciento, porque no todos los \u00e1rboles que se siembran tiene sobrevivencia.<\/p>\n\n\n\n<p>En cuanto a los incendios, dijo que las lluvias han ayudado mucho para evitarlos y para recuperar las \u00e1reas da\u00f1adas, y agreg\u00f3 que este a\u00f1o se ha disminuido en 20 por ciento las \u00e1reas afectadas por incendios.<\/p>\n\n\n\n<p>Record\u00f3 que este a\u00f1o se registraron 268 incendios pero en superficie fue menos que en 2021, por lo que destac\u00f3 la coordinaci\u00f3n con los ayuntamientos.\u00a0<\/p>\n","protected":false},"excerpt":{"rendered":"<p>Sam Ojeda\u00a0\/ NV Noticias Xalapa.- El secretario del Medio Ambiente, Juan Carlos Contreras Bautista, inform\u00f3 que se han detenido al menos a 36 personas por cuestiones de tala clandestina.\u00a0 Adem\u00e1s, dijo que a trav\u00e9s de los operativos coordinados con autoridades federales se han clausurado aserraderos y se han inmovilizado maquinaria y unidades que se usan [&hellip;]<\/p>\n","protected":false},"author":8,"featured_media":58985,"comment_status":"open","ping_status":"open","sticky":false,"template":"","format":"standard","meta":{"_monsterinsights_skip_tracking":false,"_monsterinsights_sitenote_active":false,"_monsterinsights_sitenote_note":"","_monsterinsights_sitenote_category":0,"footnotes":""},"categories":[156],"tags":[788,4494],"class_list":["post-77111","post","type-post","status-publish","format-standard","has-post-thumbnail","hentry","category-estado","tag-detenidos","tag-tala-clandestina","wp-image-borders"],"amp_enabled":true,"_links":{"self":[{"href":"https:\/\/nvnoticias.mx\/index.php\/wp-json\/wp\/v2\/posts\/77111","targetHints":{"allow":["GET"]}}],"collection":[{"href":"https:\/\/nvnoticias.mx\/index.php\/wp-json\/wp\/v2\/posts"}],"about":[{"href":"https:\/\/nvnoticias.mx\/index.php\/wp-json\/wp\/v2\/types\/post"}],"author":[{"embeddable":true,"href":"https:\/\/nvnoticias.mx\/index.php\/wp-json\/wp\/v2\/users\/8"}],"replies":[{"embeddable":true,"href":"https:\/\/nvnoticias.mx\/index.php\/wp-json\/wp\/v2\/comments?post=77111"}],"version-history":[{"count":1,"href":"https:\/\/nvnoticias.mx\/index.php\/wp-json\/wp\/v2\/posts\/77111\/revisions"}],"predecessor-version":[{"id":77112,"href":"https:\/\/nvnoticias.mx\/index.php\/wp-json\/wp\/v2\/posts\/77111\/revisions\/77112"}],"wp:featuredmedia":[{"embeddable":true,"href":"https:\/\/nvnoticias.mx\/index.php\/wp-json\/wp\/v2\/media\/58985"}],"wp:attachment":[{"href":"https:\/\/nvnoticias.mx\/index.php\/wp-json\/wp\/v2\/media?parent=77111"}],"wp:term":[{"taxonomy":"category","embeddable":true,"href":"https:\/\/nvnoticias.mx\/index.php\/wp-json\/wp\/v2\/categories?post=77111"},{"taxonomy":"post_tag","embeddable":true,"href":"https:\/\/nvnoticias.mx\/index.php\/wp-json\/wp\/v2\/tags?post=77111"}],"curies":[{"name":"wp","href":"https:\/\/api.w.org\/{rel}","templated":true}]}}