{"id":77039,"date":"2022-10-04T17:58:19","date_gmt":"2022-10-04T22:58:19","guid":{"rendered":"https:\/\/nvnoticias.mx\/?p=77039"},"modified":"2022-10-04T17:58:20","modified_gmt":"2022-10-04T22:58:20","slug":"trabajadores-del-monte-de-piedad-acusan-que-la-empresa-despedira-personal","status":"publish","type":"post","link":"https:\/\/nvnoticias.mx\/index.php\/2022\/10\/04\/trabajadores-del-monte-de-piedad-acusan-que-la-empresa-despedira-personal\/","title":{"rendered":"Trabajadores del Monte de Piedad acusan que la empresa despedir\u00e1 personal"},"content":{"rendered":"\n<p><strong>Jes\u00fas Utrilla \/ NV Noticias<\/strong><\/p>\n\n\n\n<p>Trabajadores del Monte de Piedad de la ciudad de Veracruz realizaron un plant\u00f3n afuera de las instalaciones de dicha instituci\u00f3n como parte de la protesta efectuada a nivel nacional.<\/p>\n\n\n\n<p>Acusaron que la empresa pretende despedir a la mayor cantidad de trabajadores y desaparecer el contrato colectivo de trabajo.<\/p>\n\n\n\n<p>Dijeron que son m\u00e1s de 3500 afectados por esta situaci\u00f3n por lo cual decidieron llevar a cabo la movilizaci\u00f3n nacional.<\/p>\n\n\n\n<p>Es de destacar en el caso del estado la manifestaci\u00f3n se llev\u00f3 a cabo en diferentes municipios.<\/p>\n\n\n\n<p>En la ciudad de M\u00e9xico se reunieron representantes del sindicato para determinar c\u00f3mo actuar al respecto.<\/p>\n\n\n\n<p>Los empleados destacaron que el Monte de Piedad realiza una labor importante al otorgar pr\u00e9stamos a los ciudadanos bajo esquemas sencillos para que recuperen sus prendas.<\/p>\n\n\n\n<p>Confiaron en que el sindicato llega un acuerdo con la instituci\u00f3n para que no se vea afectado el servicio.<\/p>\n","protected":false},"excerpt":{"rendered":"<p>Jes\u00fas Utrilla \/ NV Noticias Trabajadores del Monte de Piedad de la ciudad de Veracruz realizaron un plant\u00f3n afuera de las instalaciones de dicha instituci\u00f3n como parte de la protesta efectuada a nivel nacional. Acusaron que la empresa pretende despedir a la mayor cantidad de trabajadores y desaparecer el contrato colectivo de trabajo. Dijeron que [&hellip;]<\/p>\n","protected":false},"author":8,"featured_media":77040,"comment_status":"open","ping_status":"open","sticky":false,"template":"","format":"standard","meta":{"_monsterinsights_skip_tracking":false,"_monsterinsights_sitenote_active":false,"_monsterinsights_sitenote_note":"","_monsterinsights_sitenote_category":0,"footnotes":""},"categories":[154],"tags":[19916,941],"class_list":["post-77039","post","type-post","status-publish","format-standard","has-post-thumbnail","hentry","category-veracruz","tag-monte-de-piedad","tag-trabajadores","wp-image-borders"],"amp_enabled":true,"_links":{"self":[{"href":"https:\/\/nvnoticias.mx\/index.php\/wp-json\/wp\/v2\/posts\/77039","targetHints":{"allow":["GET"]}}],"collection":[{"href":"https:\/\/nvnoticias.mx\/index.php\/wp-json\/wp\/v2\/posts"}],"about":[{"href":"https:\/\/nvnoticias.mx\/index.php\/wp-json\/wp\/v2\/types\/post"}],"author":[{"embeddable":true,"href":"https:\/\/nvnoticias.mx\/index.php\/wp-json\/wp\/v2\/users\/8"}],"replies":[{"embeddable":true,"href":"https:\/\/nvnoticias.mx\/index.php\/wp-json\/wp\/v2\/comments?post=77039"}],"version-history":[{"count":1,"href":"https:\/\/nvnoticias.mx\/index.php\/wp-json\/wp\/v2\/posts\/77039\/revisions"}],"predecessor-version":[{"id":77041,"href":"https:\/\/nvnoticias.mx\/index.php\/wp-json\/wp\/v2\/posts\/77039\/revisions\/77041"}],"wp:featuredmedia":[{"embeddable":true,"href":"https:\/\/nvnoticias.mx\/index.php\/wp-json\/wp\/v2\/media\/77040"}],"wp:attachment":[{"href":"https:\/\/nvnoticias.mx\/index.php\/wp-json\/wp\/v2\/media?parent=77039"}],"wp:term":[{"taxonomy":"category","embeddable":true,"href":"https:\/\/nvnoticias.mx\/index.php\/wp-json\/wp\/v2\/categories?post=77039"},{"taxonomy":"post_tag","embeddable":true,"href":"https:\/\/nvnoticias.mx\/index.php\/wp-json\/wp\/v2\/tags?post=77039"}],"curies":[{"name":"wp","href":"https:\/\/api.w.org\/{rel}","templated":true}]}}