{"id":77013,"date":"2022-10-04T14:20:46","date_gmt":"2022-10-04T19:20:46","guid":{"rendered":"https:\/\/nvnoticias.mx\/?p=77013"},"modified":"2022-10-04T14:20:46","modified_gmt":"2022-10-04T19:20:46","slug":"en-veracruz-los-partidos-pan-pri-y-prd-mantienen-buena-relacion-marlon-ramirez-marin","status":"publish","type":"post","link":"https:\/\/nvnoticias.mx\/index.php\/2022\/10\/04\/en-veracruz-los-partidos-pan-pri-y-prd-mantienen-buena-relacion-marlon-ramirez-marin\/","title":{"rendered":"En Veracruz, los partidos PAN, PRI y PRD mantienen buena relaci\u00f3n: Marlon Ram\u00edrez Mar\u00edn"},"content":{"rendered":"\n<p><strong>Jes\u00fas Utrilla \/ NV Noticias<\/strong><\/p>\n\n\n\n<p>En Veracruz no hay ruptura pol\u00edtica entre la oposici\u00f3n, se\u00f1al\u00f3 Marlon Ram\u00edrez Mar\u00edn, presidente del Comit\u00e9 Directivo Estatal del PRI.<\/p>\n\n\n\n<p>Dijo que hace un par de d\u00edas habl\u00f3 con Federico Salom\u00f3n y le extern\u00f3 su solidaridad por el tema de la presunta denuncia.&nbsp;<\/p>\n\n\n\n<p>Se reuni\u00f3 tambi\u00e9n con Sergio Cadena y para platicar y est\u00e1n en permanentemente en contacto, en comunicaci\u00f3n.<\/p>\n\n\n\n<p>Tambi\u00e9n dijo sostener una excelente relaci\u00f3n con los diputados del Partido Acci\u00f3n Nacional por lo que descart\u00f3 rupturas pol\u00edticas en el estado.<\/p>\n\n\n\n<p>A nivel nacional los dirigentes tambi\u00e9n buscan establecer alianzas.<\/p>\n\n\n\n<blockquote class=\"wp-block-quote is-layout-flow wp-block-quote-is-layout-flow\"><p>\u201c<em>El PRI tiene dos alianzas, una que es la legislativa y otra la electoral. En la primera est\u00e1 vigente y fundamentalmente se comprometieron a votar tres iniciativas en contra, la el\u00e9ctrica, militarizaci\u00f3n de la Guardia Nacional y la reforma electoral que ya dijo Alejandro Moreno que se votar\u00e1 en contra en los t\u00e9rminos en que fue remitida. La otra es la alianza electoral que estamos revisando y se est\u00e1 construyendo<\/em>\u201d.<\/p><\/blockquote>\n\n\n\n<p>Para terminar dijo que alistan pruebas para presentar una denuncia en contra del delegado del Bienestar Manuel Huerta Ladr\u00f3n de Guevara, por presuntamente usar los programas sociales para promover su imagen pol\u00edticamente.<\/p>\n","protected":false},"excerpt":{"rendered":"<p>Jes\u00fas Utrilla \/ NV Noticias En Veracruz no hay ruptura pol\u00edtica entre la oposici\u00f3n, se\u00f1al\u00f3 Marlon Ram\u00edrez Mar\u00edn, presidente del Comit\u00e9 Directivo Estatal del PRI. Dijo que hace un par de d\u00edas habl\u00f3 con Federico Salom\u00f3n y le extern\u00f3 su solidaridad por el tema de la presunta denuncia.&nbsp; Se reuni\u00f3 tambi\u00e9n con Sergio Cadena y [&hellip;]<\/p>\n","protected":false},"author":8,"featured_media":77014,"comment_status":"open","ping_status":"open","sticky":false,"template":"","format":"standard","meta":{"_monsterinsights_skip_tracking":false,"_monsterinsights_sitenote_active":false,"_monsterinsights_sitenote_note":"","_monsterinsights_sitenote_category":0,"footnotes":""},"categories":[158],"tags":[284,180],"class_list":["post-77013","post","type-post","status-publish","format-standard","has-post-thumbnail","hentry","category-politica","tag-pan","tag-veracruz","wp-image-borders"],"amp_enabled":true,"_links":{"self":[{"href":"https:\/\/nvnoticias.mx\/index.php\/wp-json\/wp\/v2\/posts\/77013","targetHints":{"allow":["GET"]}}],"collection":[{"href":"https:\/\/nvnoticias.mx\/index.php\/wp-json\/wp\/v2\/posts"}],"about":[{"href":"https:\/\/nvnoticias.mx\/index.php\/wp-json\/wp\/v2\/types\/post"}],"author":[{"embeddable":true,"href":"https:\/\/nvnoticias.mx\/index.php\/wp-json\/wp\/v2\/users\/8"}],"replies":[{"embeddable":true,"href":"https:\/\/nvnoticias.mx\/index.php\/wp-json\/wp\/v2\/comments?post=77013"}],"version-history":[{"count":1,"href":"https:\/\/nvnoticias.mx\/index.php\/wp-json\/wp\/v2\/posts\/77013\/revisions"}],"predecessor-version":[{"id":77015,"href":"https:\/\/nvnoticias.mx\/index.php\/wp-json\/wp\/v2\/posts\/77013\/revisions\/77015"}],"wp:featuredmedia":[{"embeddable":true,"href":"https:\/\/nvnoticias.mx\/index.php\/wp-json\/wp\/v2\/media\/77014"}],"wp:attachment":[{"href":"https:\/\/nvnoticias.mx\/index.php\/wp-json\/wp\/v2\/media?parent=77013"}],"wp:term":[{"taxonomy":"category","embeddable":true,"href":"https:\/\/nvnoticias.mx\/index.php\/wp-json\/wp\/v2\/categories?post=77013"},{"taxonomy":"post_tag","embeddable":true,"href":"https:\/\/nvnoticias.mx\/index.php\/wp-json\/wp\/v2\/tags?post=77013"}],"curies":[{"name":"wp","href":"https:\/\/api.w.org\/{rel}","templated":true}]}}