{"id":76890,"date":"2022-10-03T16:11:07","date_gmt":"2022-10-03T21:11:07","guid":{"rendered":"https:\/\/nvnoticias.mx\/?p=76890"},"modified":"2022-10-03T16:11:07","modified_gmt":"2022-10-03T21:11:07","slug":"enfurece-elon-musk-a-ucrania-con-sus-ideas-para-terminar-la-guerra","status":"publish","type":"post","link":"https:\/\/nvnoticias.mx\/index.php\/2022\/10\/03\/enfurece-elon-musk-a-ucrania-con-sus-ideas-para-terminar-la-guerra\/","title":{"rendered":"Enfurece Elon Musk a Ucrania con sus ideas para terminar la guerra"},"content":{"rendered":"\n<p>El multimillonario\u00a0<strong>Elon Musk\u00a0<\/strong>comparti\u00f3 este lunes en Twitter sus ideas sobre c\u00f3mo poner fin a la guerra en Ucrania, una propuesta a la que no tardaron en reaccionar con indignaci\u00f3n varios representantes ucranianos, incluido su presidente,<strong>\u00a0Volod\u00edmir Zelenski<\/strong>.\u00a0<\/p>\n\n\n\n<p>Musk plante\u00f3 a sus seguidores una encuesta sobre un posible acuerdo de paz entre<strong>\u00a0Ucrania y Rusia<\/strong>\u00a0basado en cuatro principios:\u00a0<\/p>\n\n\n\n<p>&#8220;- Repetir elecciones en las regiones anexionadas bajo la supervisi\u00f3n de la ONU. Rusia se va si esa es la voluntad del pueblo.\u00a0<\/p>\n\n\n\n<p>&#8211;\u00a0<strong>Crimea formalmente es parte de Rusia<\/strong>, como lo ha sido desde 1783 (hasta el error de Jruschov).\u00a0<\/p>\n\n\n\n<p>&#8211; Abastecimiento de agua a Crimea asegurado.&nbsp;<\/p>\n\n\n\n<p>&#8211;\u00a0<strong>Ucrania<\/strong>\u00a0permanece neutral.&#8221;\u00a0<\/p>\n\n\n\n<p>Seg\u00fan Musk, ese ser\u00e1 muy probablemente el resultado final del conflicto y la cuesti\u00f3n ser\u00e1 cu\u00e1nta gente muere antes de que eso ocurra.&nbsp;<\/p>\n\n\n\n<blockquote class=\"wp-block-quote is-layout-flow wp-block-quote-is-layout-flow\"><p>&#8220;Tambi\u00e9n vale la pena se\u00f1alar que un posible resultado de este conflicto, aunque improbable, es una guerra nuclear&#8221;, a\u00f1adi\u00f3 el empresario, que en interacciones con otros usuarios defendi\u00f3 que, si a alguien le importan los ucranianos, debe buscar la paz, dado que es muy poco probable que Ucrania gane en una &#8220;guerra total&#8221;.&nbsp;<\/p><\/blockquote>\n\n\n\n<p>Tras tres horas, hab\u00edan votado en la encuesta m\u00e1s de un mill\u00f3n de personas, con casi dos tercios opuestos a las ideas del hombre m\u00e1s rico del mundo, que sugiri\u00f3 que &#8220;bots&#8221; o cuentas falsas est\u00e1n detr\u00e1s de esos resultados.\u00a0<\/p>\n\n\n\n<p>Casi de inmediato, el embajador ucraniano en Alemania, Andrij Melnyk, respondi\u00f3 a los tuits de Musk con insultos y garantizando que el &#8220;\u00fanico resultado&#8221; ser\u00e1 que\u00a0<strong>ning\u00fan ucraniano volver\u00e1 a comprar un\u00a0Tesla<\/strong>.\u00a0<\/p>\n\n\n\n<p>M\u00e1s diplom\u00e1tico fue el ministro de Exteriores, Dmytro Kuleba, quien sin mencionar directamente al empresario dijo que &#8220;quienes proponen que<strong>&nbsp;Ucrania renuncie a su gente&nbsp;<\/strong>y a sus tierras-presumiblemente para no herir el ego de Putin o para salvar a Ucrania del sufrimiento- deben dejar de usar la palabra &#8216;paz&#8217; como un eufemismo para &#8216;permitir que los rusos asesinen y violen a miles de ucranianos inocentes m\u00e1s y se quedan con m\u00e1s territorios&#8221;.&nbsp;<\/p>\n\n\n\n<p>Zelenski, mientras, reaccion\u00f3 a las propuestas del consejero delegado de Tesla publicando en Twitter su propia encuesta en la que pregunta: &#8220;\u00bfA qu\u00e9\u00a0<strong>Elon Musk<\/strong>\u00a0prefieres? &#8211; Al que apoya a Ucrania &#8211; Al que apoya a Rusia&#8221;.\u00a0<\/p>\n\n\n\n<p>Fuente: <a href=\"https:\/\/www.viveusa.mx\/noticias\/elon-musk-enfurece-ucrania-con-sus-ideas-para-terminar-la-guerra\" data-type=\"URL\" data-id=\"https:\/\/www.viveusa.mx\/noticias\/elon-musk-enfurece-ucrania-con-sus-ideas-para-terminar-la-guerra\">ViveUSA<\/a><\/p>\n","protected":false},"excerpt":{"rendered":"<p>El multimillonario\u00a0Elon Musk\u00a0comparti\u00f3 este lunes en Twitter sus ideas sobre c\u00f3mo poner fin a la guerra en Ucrania, una propuesta a la que no tardaron en reaccionar con indignaci\u00f3n varios representantes ucranianos, incluido su presidente,\u00a0Volod\u00edmir Zelenski.\u00a0 Musk plante\u00f3 a sus seguidores una encuesta sobre un posible acuerdo de paz entre\u00a0Ucrania y Rusia\u00a0basado en cuatro principios:\u00a0 [&hellip;]<\/p>\n","protected":false},"author":35,"featured_media":682,"comment_status":"open","ping_status":"open","sticky":false,"template":"","format":"standard","meta":{"_monsterinsights_skip_tracking":false,"_monsterinsights_sitenote_active":false,"_monsterinsights_sitenote_note":"","_monsterinsights_sitenote_category":0,"footnotes":""},"categories":[181],"tags":[281,19877,187,10105,10062,5041],"class_list":["post-76890","post","type-post","status-publish","format-standard","has-post-thumbnail","hentry","category-internacional","tag-elon-musk","tag-enfurece","tag-guerra","tag-ideas","tag-terminar","tag-ucrania","wp-image-borders"],"amp_enabled":true,"_links":{"self":[{"href":"https:\/\/nvnoticias.mx\/index.php\/wp-json\/wp\/v2\/posts\/76890","targetHints":{"allow":["GET"]}}],"collection":[{"href":"https:\/\/nvnoticias.mx\/index.php\/wp-json\/wp\/v2\/posts"}],"about":[{"href":"https:\/\/nvnoticias.mx\/index.php\/wp-json\/wp\/v2\/types\/post"}],"author":[{"embeddable":true,"href":"https:\/\/nvnoticias.mx\/index.php\/wp-json\/wp\/v2\/users\/35"}],"replies":[{"embeddable":true,"href":"https:\/\/nvnoticias.mx\/index.php\/wp-json\/wp\/v2\/comments?post=76890"}],"version-history":[{"count":1,"href":"https:\/\/nvnoticias.mx\/index.php\/wp-json\/wp\/v2\/posts\/76890\/revisions"}],"predecessor-version":[{"id":76891,"href":"https:\/\/nvnoticias.mx\/index.php\/wp-json\/wp\/v2\/posts\/76890\/revisions\/76891"}],"wp:featuredmedia":[{"embeddable":true,"href":"https:\/\/nvnoticias.mx\/index.php\/wp-json\/wp\/v2\/media\/682"}],"wp:attachment":[{"href":"https:\/\/nvnoticias.mx\/index.php\/wp-json\/wp\/v2\/media?parent=76890"}],"wp:term":[{"taxonomy":"category","embeddable":true,"href":"https:\/\/nvnoticias.mx\/index.php\/wp-json\/wp\/v2\/categories?post=76890"},{"taxonomy":"post_tag","embeddable":true,"href":"https:\/\/nvnoticias.mx\/index.php\/wp-json\/wp\/v2\/tags?post=76890"}],"curies":[{"name":"wp","href":"https:\/\/api.w.org\/{rel}","templated":true}]}}