{"id":76843,"date":"2022-10-03T13:51:52","date_gmt":"2022-10-03T18:51:52","guid":{"rendered":"https:\/\/nvnoticias.mx\/?p=76843"},"modified":"2022-10-03T13:51:54","modified_gmt":"2022-10-03T18:51:54","slug":"amlo-pronostica-que-julio-urias-y-los-dodgers-ganaran-la-serie-mundial","status":"publish","type":"post","link":"https:\/\/nvnoticias.mx\/index.php\/2022\/10\/03\/amlo-pronostica-que-julio-urias-y-los-dodgers-ganaran-la-serie-mundial\/","title":{"rendered":"AMLO pronostica que Julio Ur\u00edas y los Dodgers ganar\u00e1n la Serie Mundial"},"content":{"rendered":"\n<p>El presidente\u00a0Andr\u00e9s Manuel L\u00f3pez Obrador\u00a0adelant\u00f3 que\u00a0Los Dodgers de Los \u00c1ngeles, donde pichea el mexicano\u00a0Julio Ur\u00edas, ser\u00e1n los campeones de la\u00a0Serie Mundial.\u00a0<\/p>\n\n\n\n<p>En conferencia de prensa, sin que hubiera pregunta de por medio, el Jefe del Ejecutivo adelant\u00f3 su pron\u00f3stico para el llamado\u00a0Cl\u00e1sico de Oto\u00f1o.\u00a0<\/p>\n\n\n\n<blockquote class=\"wp-block-quote is-layout-flow wp-block-quote-is-layout-flow\"><p>\u201c<em>Mi pron\u00f3stico por Julio y porque se trata de Los \u00c1ngeles donde est\u00e1n muchos paisanos voy Dodger a la Serie Mundial<\/em>\u201d.<\/p><\/blockquote>\n\n\n\n<p>El presidente\u00a0L\u00f3pez Obrador\u00a0es un aficionado apasionado del Rey de los deportes, pero su equipo favorito son Los Cardenales de San Luis.<\/p>\n\n\n\n<p>Fuente: <a href=\"https:\/\/www.eluniversal.com.mx\/universal-deportes\/amlo-pronostica-que-julio-urias-y-los-dodgers-ganaran-la-serie-mundial\">El Universal<\/a><\/p>\n","protected":false},"excerpt":{"rendered":"<p>El presidente\u00a0Andr\u00e9s Manuel L\u00f3pez Obrador\u00a0adelant\u00f3 que\u00a0Los Dodgers de Los \u00c1ngeles, donde pichea el mexicano\u00a0Julio Ur\u00edas, ser\u00e1n los campeones de la\u00a0Serie Mundial.\u00a0 En conferencia de prensa, sin que hubiera pregunta de por medio, el Jefe del Ejecutivo adelant\u00f3 su pron\u00f3stico para el llamado\u00a0Cl\u00e1sico de Oto\u00f1o.\u00a0 \u201cMi pron\u00f3stico por Julio y porque se trata de Los \u00c1ngeles [&hellip;]<\/p>\n","protected":false},"author":8,"featured_media":76844,"comment_status":"open","ping_status":"open","sticky":false,"template":"","format":"standard","meta":{"_monsterinsights_skip_tracking":false,"_monsterinsights_sitenote_active":false,"_monsterinsights_sitenote_note":"","_monsterinsights_sitenote_category":0,"footnotes":""},"categories":[159],"tags":[188,3179,15087],"class_list":["post-76843","post","type-post","status-publish","format-standard","has-post-thumbnail","hentry","category-deportes","tag-amlo","tag-julio-urias","tag-los-angeles-dodgers","wp-image-borders"],"amp_enabled":true,"_links":{"self":[{"href":"https:\/\/nvnoticias.mx\/index.php\/wp-json\/wp\/v2\/posts\/76843","targetHints":{"allow":["GET"]}}],"collection":[{"href":"https:\/\/nvnoticias.mx\/index.php\/wp-json\/wp\/v2\/posts"}],"about":[{"href":"https:\/\/nvnoticias.mx\/index.php\/wp-json\/wp\/v2\/types\/post"}],"author":[{"embeddable":true,"href":"https:\/\/nvnoticias.mx\/index.php\/wp-json\/wp\/v2\/users\/8"}],"replies":[{"embeddable":true,"href":"https:\/\/nvnoticias.mx\/index.php\/wp-json\/wp\/v2\/comments?post=76843"}],"version-history":[{"count":1,"href":"https:\/\/nvnoticias.mx\/index.php\/wp-json\/wp\/v2\/posts\/76843\/revisions"}],"predecessor-version":[{"id":76845,"href":"https:\/\/nvnoticias.mx\/index.php\/wp-json\/wp\/v2\/posts\/76843\/revisions\/76845"}],"wp:featuredmedia":[{"embeddable":true,"href":"https:\/\/nvnoticias.mx\/index.php\/wp-json\/wp\/v2\/media\/76844"}],"wp:attachment":[{"href":"https:\/\/nvnoticias.mx\/index.php\/wp-json\/wp\/v2\/media?parent=76843"}],"wp:term":[{"taxonomy":"category","embeddable":true,"href":"https:\/\/nvnoticias.mx\/index.php\/wp-json\/wp\/v2\/categories?post=76843"},{"taxonomy":"post_tag","embeddable":true,"href":"https:\/\/nvnoticias.mx\/index.php\/wp-json\/wp\/v2\/tags?post=76843"}],"curies":[{"name":"wp","href":"https:\/\/api.w.org\/{rel}","templated":true}]}}