{"id":76805,"date":"2022-10-03T11:35:09","date_gmt":"2022-10-03T16:35:09","guid":{"rendered":"https:\/\/nvnoticias.mx\/?p=76805"},"modified":"2022-10-03T11:35:10","modified_gmt":"2022-10-03T16:35:10","slug":"destapa-pan-a-candidatos-rumbo-a-elecciones-2024","status":"publish","type":"post","link":"https:\/\/nvnoticias.mx\/index.php\/2022\/10\/03\/destapa-pan-a-candidatos-rumbo-a-elecciones-2024\/","title":{"rendered":"Destapa PAN a candidatos rumbo a elecciones 2024"},"content":{"rendered":"\n<p>La primera alianza rumbo a la\u00a0elecci\u00f3n presidencial de 2024\u00a0debe ser con la ciudadan\u00eda y, posteriormente, con los partidos pol\u00edticos, coincidieron los presidenciables del\u00a0<strong>Partido Acci\u00f3n Nacional<\/strong>\u00a0(PAN).<\/p>\n\n\n\n<p>Ante representantes de la sociedad civil y c\u00e1maras empresariales, as\u00ed como el exdirigente de la Coparmex e impulsor de la alianza\u00a0<strong>Va por M\u00e9xico<\/strong>, Gustavo de Hoyos, el l\u00edder nacional del PAN, Marko Cort\u00e9s, dio el banderazo de arranque a la pasarela de los\u00a0aspirantes panistas rumbo a 2024\u00a0con la ausencia del gobernador de Quer\u00e9taro, Mauricio Kuri, en un foro realizado en el World Trade Center.<\/p>\n\n\n\n<p>En el acto participaron el presidente de la C\u00e1mara de Diputados,\u00a0Santiago Creel;\u00a0los gobernadores de Chihuahua, Mar\u00eda Eugenia Campos, y de Yucat\u00e1n, Mauricio Vila; adem\u00e1s del exgobernador de Guanajuato y actual diputado federal Juan Carlos Romero Hicks.<\/p>\n\n\n\n<p>La gobernadora de Chihuahua anticip\u00f3 que \u201cestamos en la v\u00edspera de una gran<strong>\u00a0crisis econ\u00f3mica<\/strong>\u201d y \u201cla destrucci\u00f3n del INE\u201d, por lo cual es \u201cmomento de despertar\u201d para\u00a0<strong>retomar el rumbo<\/strong>\u00a0a trav\u00e9s de una alianza con los ciudadanos.<\/p>\n\n\n\n<blockquote class=\"wp-block-quote is-layout-flow wp-block-quote-is-layout-flow\"><p>\u201cNo sale adelante un gobierno municipal, un gobierno estatal, un gobierno federal, absolutamente solo, necesitamos de la alianza y de la unidad de todos los ciudadanos que tenemos alrededor de nosotros\u201d, dijo la pol\u00edtica chihuahuense.<\/p><\/blockquote>\n\n\n\n<p>Para Romero Hicks, el PAN no se fund\u00f3 para buscar el poder, sino para hacer escuela de democracia y, sobre todo, ruta de ciudadan\u00eda.<\/p>\n\n\n\n<blockquote class=\"wp-block-quote is-layout-flow wp-block-quote-is-layout-flow\"><p>\u201cLa primera alianza que requerimos es con la ciudadan\u00eda, luego ya vendr\u00e1 el acompa\u00f1amiento de los partidos. Es el ciudadano de a pie, el que vive, el que piensa y el que quiere una clase pol\u00edtica diferente, con gobiernos innovadores, con gobiernos honestos, con gobiernos que puedan mirar a los ojos\u201d, destac\u00f3.<\/p><\/blockquote>\n\n\n\n<p>En tanto, el gobernador de Yucat\u00e1n, Mauricio Vila, refiri\u00f3 que los gobiernos de Acci\u00f3n Nacional se han distinguido por trabajar de la mano con las organizaciones civiles.<\/p>\n\n\n\n<p>\u201cLas<strong>&nbsp;organizaciones de la sociedad civil<\/strong>&nbsp;existen por omisiones de los gobiernos, empiezan a hacer funciones que los gobiernos no hemos logrado, y ocupan espacios importantes y hay que apoyarlos no solamente con voluntad pol\u00edtica, sino tambi\u00e9n con recursos, porque los ciudadanos organizados muchas veces hacen las cosas mejor que los gobiernos\u201d, a\u00f1adi\u00f3.<\/p>\n\n\n\n<p>En este primero de cinco foros denominados Cambiemos M\u00e9xico, \u00a1s\u00ed hay de otra!,\u00a0Marko Cort\u00e9s\u00a0asegur\u00f3 que el PAN representa \u201cun modelo de gobierno que da resultados\u201d.<\/p>\n\n\n\n<blockquote class=\"wp-block-quote is-layout-flow wp-block-quote-is-layout-flow\"><p>\u201cNo se trata solo de cambiar de gobierno, se trata de cambiar de actitud, se trata de cambiar de proyecto, no se trata de que llegue cualquiera, se trata de que llegue alguien que s\u00ed tenga la capacidad de cambio, que s\u00ed tenga la experiencia para hacerlo y, por eso, hoy le decimos a todo M\u00e9xico \u00e1nimo, \u00e1nimo, porque en 2024 s\u00ed hay de otra y esa otra es con Acci\u00f3n Nacional\u201d, se\u00f1al\u00f3.<\/p><\/blockquote>\n\n\n\n<p>Fuente: <a href=\"https:\/\/www.elfinanciero.com.mx\/nacional\/2022\/10\/03\/van-presidenciables-de-pan-por-un-polo-opositor-poderoso\/\" data-type=\"URL\" data-id=\"https:\/\/www.elfinanciero.com.mx\/nacional\/2022\/10\/03\/van-presidenciables-de-pan-por-un-polo-opositor-poderoso\/\">El Financiero<\/a><\/p>\n","protected":false},"excerpt":{"rendered":"<p>La primera alianza rumbo a la\u00a0elecci\u00f3n presidencial de 2024\u00a0debe ser con la ciudadan\u00eda y, posteriormente, con los partidos pol\u00edticos, coincidieron los presidenciables del\u00a0Partido Acci\u00f3n Nacional\u00a0(PAN). Ante representantes de la sociedad civil y c\u00e1maras empresariales, as\u00ed como el exdirigente de la Coparmex e impulsor de la alianza\u00a0Va por M\u00e9xico, Gustavo de Hoyos, el l\u00edder nacional del [&hellip;]<\/p>\n","protected":false},"author":35,"featured_media":76806,"comment_status":"open","ping_status":"open","sticky":false,"template":"","format":"standard","meta":{"_monsterinsights_skip_tracking":false,"_monsterinsights_sitenote_active":false,"_monsterinsights_sitenote_note":"","_monsterinsights_sitenote_category":0,"footnotes":""},"categories":[158],"tags":[1525,13299,284,7754],"class_list":["post-76805","post","type-post","status-publish","format-standard","has-post-thumbnail","hentry","category-politica","tag-candidatos","tag-elecciones-2024","tag-pan","tag-rumbo","wp-image-borders"],"amp_enabled":true,"_links":{"self":[{"href":"https:\/\/nvnoticias.mx\/index.php\/wp-json\/wp\/v2\/posts\/76805","targetHints":{"allow":["GET"]}}],"collection":[{"href":"https:\/\/nvnoticias.mx\/index.php\/wp-json\/wp\/v2\/posts"}],"about":[{"href":"https:\/\/nvnoticias.mx\/index.php\/wp-json\/wp\/v2\/types\/post"}],"author":[{"embeddable":true,"href":"https:\/\/nvnoticias.mx\/index.php\/wp-json\/wp\/v2\/users\/35"}],"replies":[{"embeddable":true,"href":"https:\/\/nvnoticias.mx\/index.php\/wp-json\/wp\/v2\/comments?post=76805"}],"version-history":[{"count":1,"href":"https:\/\/nvnoticias.mx\/index.php\/wp-json\/wp\/v2\/posts\/76805\/revisions"}],"predecessor-version":[{"id":76807,"href":"https:\/\/nvnoticias.mx\/index.php\/wp-json\/wp\/v2\/posts\/76805\/revisions\/76807"}],"wp:featuredmedia":[{"embeddable":true,"href":"https:\/\/nvnoticias.mx\/index.php\/wp-json\/wp\/v2\/media\/76806"}],"wp:attachment":[{"href":"https:\/\/nvnoticias.mx\/index.php\/wp-json\/wp\/v2\/media?parent=76805"}],"wp:term":[{"taxonomy":"category","embeddable":true,"href":"https:\/\/nvnoticias.mx\/index.php\/wp-json\/wp\/v2\/categories?post=76805"},{"taxonomy":"post_tag","embeddable":true,"href":"https:\/\/nvnoticias.mx\/index.php\/wp-json\/wp\/v2\/tags?post=76805"}],"curies":[{"name":"wp","href":"https:\/\/api.w.org\/{rel}","templated":true}]}}