{"id":7674,"date":"2021-03-15T08:30:23","date_gmt":"2021-03-15T14:30:23","guid":{"rendered":"https:\/\/nvnoticias.mx\/?p=7674"},"modified":"2021-03-15T08:30:24","modified_gmt":"2021-03-15T14:30:24","slug":"felicita-pele-a-cristiano-rolando","status":"publish","type":"post","link":"https:\/\/nvnoticias.mx\/index.php\/2021\/03\/15\/felicita-pele-a-cristiano-rolando\/","title":{"rendered":"Felicita Pel\u00e9 a Cristiano Rolando"},"content":{"rendered":"\n<p><strong>Pel\u00e9 realizo un emotivo post <\/strong>en sus redes sociales el 14 de marzo en los cuales se aprecia un emotivo mensaje acompa\u00f1ado de una fotograf\u00eda de \u00e9l tomando la mano de Cristiano Ronaldo. <\/p>\n\n\n\n<p><strong>Pel\u00e9 quien tiene fama de no aceptar a otras personas, pero es todo lo contrario,<\/strong> dej\u00f3 en claro que <strong>respeta y admira a Cristiano Ronaldo<\/strong> como el nuevo m\u00e1ximo goleador hist\u00f3rico al superar su r\u00e9cord de goles en partidos oficiales.<\/p>\n\n\n\n<p><strong>Sus palabras<\/strong>, mismas que encontraras en su publicaci\u00f3n de Instagram m\u00e1s reciente  en portugu\u00e9s que <strong>traducidas al espa\u00f1ol <\/strong>dicen lo siguiente:<\/p>\n\n\n\n<blockquote class=\"wp-block-quote is-style-large is-layout-flow wp-block-quote-is-layout-flow\"><p>Cristiano, la vida es un vuelo en solitario. Cada uno hace su propio viaje. \u00a1Y qu\u00e9 hermoso viaje est\u00e1s teniendo! Te admiro mucho, me encanta verte jugar y esto no es un secreto para nadie. Enhorabuena por batir mi r\u00e9cord de goles en partidos oficiales. Lo \u00fanico que lamento es no poder darte un abrazo hoy. Pero les dejo esta foto en su honor, con mucho cari\u00f1o, como s\u00edmbolo de una amistad que existe desde hace muchos a\u00f1os.<\/p><cite>Pel\u00e9 &#8211; IG: @pele<\/cite><\/blockquote>\n\n\n\n<figure class=\"wp-block-image size-large\"><img loading=\"lazy\" decoding=\"async\" width=\"955\" height=\"608\" src=\"https:\/\/nvnoticias.mx\/wp-content\/uploads\/2021\/03\/pele-christiano.png\" alt=\"\" class=\"wp-image-7707\" srcset=\"https:\/\/nvnoticias.mx\/wp-content\/uploads\/2021\/03\/pele-christiano.png 955w, https:\/\/nvnoticias.mx\/wp-content\/uploads\/2021\/03\/pele-christiano-300x191.png 300w, https:\/\/nvnoticias.mx\/wp-content\/uploads\/2021\/03\/pele-christiano-768x489.png 768w\" sizes=\"auto, (max-width: 955px) 100vw, 955px\" \/><\/figure>\n","protected":false},"excerpt":{"rendered":"<p>Pel\u00e9 realizo un emotivo post en sus redes sociales el 14 de marzo en los cuales se aprecia un emotivo mensaje acompa\u00f1ado de una fotograf\u00eda de \u00e9l tomando la mano de Cristiano Ronaldo. Pel\u00e9 quien tiene fama de no aceptar a otras personas, pero es todo lo contrario, dej\u00f3 en claro que respeta y admira [&hellip;]<\/p>\n","protected":false},"author":8,"featured_media":7687,"comment_status":"open","ping_status":"open","sticky":false,"template":"","format":"standard","meta":{"_monsterinsights_skip_tracking":false,"_monsterinsights_sitenote_active":false,"_monsterinsights_sitenote_note":"","_monsterinsights_sitenote_category":0,"footnotes":""},"categories":[159],"tags":[349,863,402,2262],"class_list":["post-7674","post","type-post","status-publish","format-standard","has-post-thumbnail","hentry","category-deportes","tag-alfredo-sanchez-jr","tag-cristiano-ronaldo","tag-futbol-2","tag-pele","wp-image-borders"],"amp_enabled":true,"_links":{"self":[{"href":"https:\/\/nvnoticias.mx\/index.php\/wp-json\/wp\/v2\/posts\/7674","targetHints":{"allow":["GET"]}}],"collection":[{"href":"https:\/\/nvnoticias.mx\/index.php\/wp-json\/wp\/v2\/posts"}],"about":[{"href":"https:\/\/nvnoticias.mx\/index.php\/wp-json\/wp\/v2\/types\/post"}],"author":[{"embeddable":true,"href":"https:\/\/nvnoticias.mx\/index.php\/wp-json\/wp\/v2\/users\/8"}],"replies":[{"embeddable":true,"href":"https:\/\/nvnoticias.mx\/index.php\/wp-json\/wp\/v2\/comments?post=7674"}],"version-history":[{"count":6,"href":"https:\/\/nvnoticias.mx\/index.php\/wp-json\/wp\/v2\/posts\/7674\/revisions"}],"predecessor-version":[{"id":7708,"href":"https:\/\/nvnoticias.mx\/index.php\/wp-json\/wp\/v2\/posts\/7674\/revisions\/7708"}],"wp:featuredmedia":[{"embeddable":true,"href":"https:\/\/nvnoticias.mx\/index.php\/wp-json\/wp\/v2\/media\/7687"}],"wp:attachment":[{"href":"https:\/\/nvnoticias.mx\/index.php\/wp-json\/wp\/v2\/media?parent=7674"}],"wp:term":[{"taxonomy":"category","embeddable":true,"href":"https:\/\/nvnoticias.mx\/index.php\/wp-json\/wp\/v2\/categories?post=7674"},{"taxonomy":"post_tag","embeddable":true,"href":"https:\/\/nvnoticias.mx\/index.php\/wp-json\/wp\/v2\/tags?post=7674"}],"curies":[{"name":"wp","href":"https:\/\/api.w.org\/{rel}","templated":true}]}}