{"id":76729,"date":"2022-10-02T18:48:10","date_gmt":"2022-10-02T23:48:10","guid":{"rendered":"https:\/\/nvnoticias.mx\/?p=76729"},"modified":"2022-10-03T05:24:00","modified_gmt":"2022-10-03T10:24:00","slug":"encuentran-mas-de-100-migrantes-tras-operativo-en-xoxtla-puebla","status":"publish","type":"post","link":"https:\/\/nvnoticias.mx\/index.php\/2022\/10\/02\/encuentran-mas-de-100-migrantes-tras-operativo-en-xoxtla-puebla\/","title":{"rendered":"Encuentran m\u00e1s de 100 migrantes tras operativo en Xoxtla, Puebla"},"content":{"rendered":"\n<p>A trav\u00e9s de\u00a0un operativo para la detecci\u00f3n de grupos irregulares de extranjeros,\u00a0autoridades estatales y federales realizaron la\u00a0ubicaci\u00f3n y resguardo de m\u00e1s de 100 migrantes provenientes de El Salvador, Honduras y Guatemala;\u00a0mismos que se encontraban en un predio del municipio de\u00a0Xoxtla.<\/p>\n\n\n\n<p>Durante el transcurso de la noche del pasado s\u00e1bado y la madrugada de este 2 de octubre, agentes de la Polic\u00eda Estatal y personal del Instituto Nacional de Migraci\u00f3n (INM),\u00a0procedieron a efectuar un operativo dentro del municipio de Xoxtla.<\/p>\n\n\n\n<p>Presuntamente esto habr\u00eda ocurrido luego de que las autoridades recibieran una denuncia an\u00f3nima d\u00f3nde se reportaba la presencia de un grupo de personas en hacinamiento al interior de un predio en condiciones deplorables.<\/p>\n\n\n\n<p>Al acudir a la zona se\u00f1alada, las autoridades ingresaron y aunque a\u00fan no se revela si hubo alg\u00fan detenido por el delito de tr\u00e1fico de personas, se dio a conocer que\u00a0ser\u00edan un total de 109 las personas de origen extranjero ubicadas en aquel inmueble.<\/p>\n\n\n\n<p>Los asegurados son provenientes de El Salvador, Honduras y Guatemala, mismos que ya se encuentran a resguardo del INM para su procedimiento migratorio correspondiente.<\/p>\n\n\n\n<p>Fuente: <a href=\"https:\/\/www.milenio.com\/policia\/hallan-a-migrantes-tras-operativo-en-xoxtla-puebla\">Milenio<\/a><\/p>\n","protected":false},"excerpt":{"rendered":"<p>A trav\u00e9s de\u00a0un operativo para la detecci\u00f3n de grupos irregulares de extranjeros,\u00a0autoridades estatales y federales realizaron la\u00a0ubicaci\u00f3n y resguardo de m\u00e1s de 100 migrantes provenientes de El Salvador, Honduras y Guatemala;\u00a0mismos que se encontraban en un predio del municipio de\u00a0Xoxtla. Durante el transcurso de la noche del pasado s\u00e1bado y la madrugada de este 2 [&hellip;]<\/p>\n","protected":false},"author":7,"featured_media":4337,"comment_status":"open","ping_status":"open","sticky":false,"template":"","format":"standard","meta":{"_monsterinsights_skip_tracking":false,"_monsterinsights_sitenote_active":false,"_monsterinsights_sitenote_note":"","_monsterinsights_sitenote_category":0,"footnotes":""},"categories":[157],"tags":[452,290,480,19855],"class_list":["post-76729","post","type-post","status-publish","format-standard","has-post-thumbnail","hentry","category-nacional","tag-migrantes","tag-operativo","tag-puebla","tag-xoxtla","wp-image-borders"],"amp_enabled":true,"_links":{"self":[{"href":"https:\/\/nvnoticias.mx\/index.php\/wp-json\/wp\/v2\/posts\/76729","targetHints":{"allow":["GET"]}}],"collection":[{"href":"https:\/\/nvnoticias.mx\/index.php\/wp-json\/wp\/v2\/posts"}],"about":[{"href":"https:\/\/nvnoticias.mx\/index.php\/wp-json\/wp\/v2\/types\/post"}],"author":[{"embeddable":true,"href":"https:\/\/nvnoticias.mx\/index.php\/wp-json\/wp\/v2\/users\/7"}],"replies":[{"embeddable":true,"href":"https:\/\/nvnoticias.mx\/index.php\/wp-json\/wp\/v2\/comments?post=76729"}],"version-history":[{"count":1,"href":"https:\/\/nvnoticias.mx\/index.php\/wp-json\/wp\/v2\/posts\/76729\/revisions"}],"predecessor-version":[{"id":76730,"href":"https:\/\/nvnoticias.mx\/index.php\/wp-json\/wp\/v2\/posts\/76729\/revisions\/76730"}],"wp:featuredmedia":[{"embeddable":true,"href":"https:\/\/nvnoticias.mx\/index.php\/wp-json\/wp\/v2\/media\/4337"}],"wp:attachment":[{"href":"https:\/\/nvnoticias.mx\/index.php\/wp-json\/wp\/v2\/media?parent=76729"}],"wp:term":[{"taxonomy":"category","embeddable":true,"href":"https:\/\/nvnoticias.mx\/index.php\/wp-json\/wp\/v2\/categories?post=76729"},{"taxonomy":"post_tag","embeddable":true,"href":"https:\/\/nvnoticias.mx\/index.php\/wp-json\/wp\/v2\/tags?post=76729"}],"curies":[{"name":"wp","href":"https:\/\/api.w.org\/{rel}","templated":true}]}}