{"id":76645,"date":"2022-10-01T15:48:14","date_gmt":"2022-10-01T20:48:14","guid":{"rendered":"https:\/\/nvnoticias.mx\/?p=76645"},"modified":"2022-10-01T15:48:15","modified_gmt":"2022-10-01T20:48:15","slug":"anuncia-tere-jimenez-sistema-estatal-de-seguridad-publica-y-justicia-en-aguascalientes","status":"publish","type":"post","link":"https:\/\/nvnoticias.mx\/index.php\/2022\/10\/01\/anuncia-tere-jimenez-sistema-estatal-de-seguridad-publica-y-justicia-en-aguascalientes\/","title":{"rendered":"Anuncia Tere Jim\u00e9nez Sistema Estatal de Seguridad P\u00fablica y Justicia en Aguascalientes"},"content":{"rendered":"\n<p>La panista\u00a0<strong>Mar\u00eda Teresa Jim\u00e9nez Esquivel\u00a0<\/strong>rindi\u00f3 protesta como la primera gobernadora del estado de\u00a0<strong>Aguascalientes\u00a0<\/strong>ante el Congreso Local, y anunci\u00f3 que trabajar\u00e1 en coordinaci\u00f3n con el Gobierno Federal en un marco de respeto \u201cpor el bien de Aguascalientes, porque Aguascalientes es primero\u201d.\u00a0<\/p>\n\n\n\n<p>Ante la secretaria de Seguridad y Protecci\u00f3n Ciudadana,\u00a0<strong>Rosa Icela Rodr\u00edguez Vel\u00e1zquez<\/strong>, que asisti\u00f3 como representante del presidente\u00a0<strong>Andr\u00e9s Manuel L\u00f3pez Obrador<\/strong>, la nueva mandataria se comprometi\u00f3 a dirigir una gubernatura democr\u00e1tica y a servir a la poblaci\u00f3n con igualdad, equidad y sin discriminaci\u00f3n.<\/p>\n\n\n\n<blockquote class=\"wp-block-quote is-layout-flow wp-block-quote-is-layout-flow\"><p>\u201cM\u00e1s all\u00e1 de las ideolog\u00edas, la gente quiere seguridad, empleo, salud, vivienda digna y educaci\u00f3n (\u2026) quieren\u00a0 respuestas, resultados y un gobierno eficaz que les d\u00e9 soluciones\u201d,\u00a0 dijo.<\/p><\/blockquote>\n\n\n\n<p>En su mandato asegur\u00f3 que har\u00e1 efectivo el orden constitucional.<\/p>\n\n\n\n<p>Teresa Jim\u00e9nez dijo que se debe impulsar una nueva modernidad pol\u00edtica y social, que lleve a Aguascalientes a desarrollar todo su potencial: \u201cActuaremos guiados por un plan estrat\u00e9gico, elaborado con inteligencia y conocimiento de las necesidades m\u00e1s urgentes de Aguascalientes\u201d.\u00a0<\/p>\n\n\n\n<p>Para ello, propuso tres nuevos acuerdos: el primero por la paz y los valores, con el que asumi\u00f3 el compromiso de blindar a Aguascalientes, para que sea el estado m\u00e1s seguro del pa\u00eds; el segundo es por la prosperidad, los derechos y las oportunidades para todas y todos, y el tercero para el crecimiento sostenible, la innovaci\u00f3n, la inversi\u00f3n para el trabajo y las soluciones.<\/p>\n\n\n\n<p>En compromiso por la seguridad, adelant\u00f3 la creaci\u00f3n del Sistema Estatal de Seguridad P\u00fablica y Justicia, con un mando estatal coordinado, la instalaci\u00f3n de m\u00e1s c\u00e1maras inteligentes y el&nbsp; fortalecimiento del C5, adem\u00e1s anunci\u00f3 la&nbsp; modernizaci\u00f3n de los&nbsp; ministerios p\u00fablicos, para garantizar que haya cero impunidad.<\/p>\n\n\n\n<p>Dijo que en esta entidad se tendr\u00e1 la mejor Polic\u00eda de M\u00e9xico, con equipamiento, infraestructura y tecnolog\u00eda de vanguardia: \u201cHomologaremos sus sueldos y les brindaremos una mejor capacitaci\u00f3n\u201d.&nbsp;<\/p>\n\n\n\n<p>Fortaleceremos el enfoque preventivo en materia de seguridad p\u00fablica, a trav\u00e9s de un programa para inhibir la violencia, la delincuencia y las adicciones.<\/p>\n\n\n\n<p>Anunci\u00f3 la implementaci\u00f3n de un &#8220;Programa de prevenci\u00f3n y atenci\u00f3n a la sequ\u00eda\u201d y la presentaci\u00f3n de&nbsp; un \u201cPlan para el Cuidado y la Preservaci\u00f3n del Agua\u201d&nbsp; para definir las acciones a seguir en el uso responsable del l\u00edquido.&nbsp;<\/p>\n\n\n\n<p>Dijo que en la entidad se necesita reducir la sobreexplotaci\u00f3n de los mantos acu\u00edferos, estimular su recarga y fomentar el aprovechamiento de las aguas superficiales y el agua tratada.<\/p>\n\n\n\n<p>A trav\u00e9s de estudios hidrol\u00f3gicos definir\u00e1n las ubicaciones m\u00e1s efectivas para construir bordos y as\u00ed contar con m\u00e1s agua y se establecer\u00e1n nuevas l\u00edneas moradas, que faciliten el reuso del agua en otros espacios.<\/p>\n\n\n\n<blockquote class=\"wp-block-quote is-layout-flow wp-block-quote-is-layout-flow\"><p>\u201cNos encontramos en la antesala de un momento hist\u00f3rico, de un tiempo de definiciones, y ya no podemos posponer el tema del agua, ni un momento m\u00e1s&#8221;, refiri\u00f3.<\/p><\/blockquote>\n\n\n\n<p>Fuente: <a href=\"https:\/\/www.eluniversal.com.mx\/estados\/tere-jimenez-anuncia-sistema-estatal-de-seguridad-publica-y-justicia-en-aguascalientes\" data-type=\"URL\" data-id=\"https:\/\/www.eluniversal.com.mx\/estados\/tere-jimenez-anuncia-sistema-estatal-de-seguridad-publica-y-justicia-en-aguascalientes\">El Universal<\/a><\/p>\n","protected":false},"excerpt":{"rendered":"<p>La panista\u00a0Mar\u00eda Teresa Jim\u00e9nez Esquivel\u00a0rindi\u00f3 protesta como la primera gobernadora del estado de\u00a0Aguascalientes\u00a0ante el Congreso Local, y anunci\u00f3 que trabajar\u00e1 en coordinaci\u00f3n con el Gobierno Federal en un marco de respeto \u201cpor el bien de Aguascalientes, porque Aguascalientes es primero\u201d.\u00a0 Ante la secretaria de Seguridad y Protecci\u00f3n Ciudadana,\u00a0Rosa Icela Rodr\u00edguez Vel\u00e1zquez, que asisti\u00f3 como representante [&hellip;]<\/p>\n","protected":false},"author":35,"featured_media":76646,"comment_status":"open","ping_status":"open","sticky":false,"template":"","format":"standard","meta":{"_monsterinsights_skip_tracking":false,"_monsterinsights_sitenote_active":false,"_monsterinsights_sitenote_note":"","_monsterinsights_sitenote_category":0,"footnotes":""},"categories":[158],"tags":[7791,19831,806,2192,19830,19811],"class_list":["post-76645","post","type-post","status-publish","format-standard","has-post-thumbnail","hentry","category-politica","tag-anuncia","tag-augascalientes","tag-justicia","tag-seguridad-publica","tag-sistema-estatal","tag-tere-jimenez","wp-image-borders"],"amp_enabled":true,"_links":{"self":[{"href":"https:\/\/nvnoticias.mx\/index.php\/wp-json\/wp\/v2\/posts\/76645","targetHints":{"allow":["GET"]}}],"collection":[{"href":"https:\/\/nvnoticias.mx\/index.php\/wp-json\/wp\/v2\/posts"}],"about":[{"href":"https:\/\/nvnoticias.mx\/index.php\/wp-json\/wp\/v2\/types\/post"}],"author":[{"embeddable":true,"href":"https:\/\/nvnoticias.mx\/index.php\/wp-json\/wp\/v2\/users\/35"}],"replies":[{"embeddable":true,"href":"https:\/\/nvnoticias.mx\/index.php\/wp-json\/wp\/v2\/comments?post=76645"}],"version-history":[{"count":1,"href":"https:\/\/nvnoticias.mx\/index.php\/wp-json\/wp\/v2\/posts\/76645\/revisions"}],"predecessor-version":[{"id":76647,"href":"https:\/\/nvnoticias.mx\/index.php\/wp-json\/wp\/v2\/posts\/76645\/revisions\/76647"}],"wp:featuredmedia":[{"embeddable":true,"href":"https:\/\/nvnoticias.mx\/index.php\/wp-json\/wp\/v2\/media\/76646"}],"wp:attachment":[{"href":"https:\/\/nvnoticias.mx\/index.php\/wp-json\/wp\/v2\/media?parent=76645"}],"wp:term":[{"taxonomy":"category","embeddable":true,"href":"https:\/\/nvnoticias.mx\/index.php\/wp-json\/wp\/v2\/categories?post=76645"},{"taxonomy":"post_tag","embeddable":true,"href":"https:\/\/nvnoticias.mx\/index.php\/wp-json\/wp\/v2\/tags?post=76645"}],"curies":[{"name":"wp","href":"https:\/\/api.w.org\/{rel}","templated":true}]}}