{"id":76642,"date":"2022-10-01T15:43:08","date_gmt":"2022-10-01T20:43:08","guid":{"rendered":"https:\/\/nvnoticias.mx\/?p=76642"},"modified":"2022-10-01T15:43:09","modified_gmt":"2022-10-01T20:43:09","slug":"designa-americo-villarreal-a-secretarios-de-seguridad-publica-y-de-gobierno-de-tamaulipas","status":"publish","type":"post","link":"https:\/\/nvnoticias.mx\/index.php\/2022\/10\/01\/designa-americo-villarreal-a-secretarios-de-seguridad-publica-y-de-gobierno-de-tamaulipas\/","title":{"rendered":"Designa Am\u00e9rico Villarreal a secretarios de Seguridad P\u00fablica y de Gobierno de Tamaulipas"},"content":{"rendered":"\n<p>El gobernador\u00a0<strong>Am\u00e9rico Villarreal Anaya<\/strong>\u00a0entreg\u00f3 la ma\u00f1ana de este s\u00e1bado los nombramientos al secretario de Seguridad P\u00fablica y al secretario general de Gobierno.<\/p>\n\n\n\n<p>Luego de rendir protesta en el Congreso del Estado, el mandatario tamaulipeco se traslad\u00f3 a la Torre Bicentenario, en donde entreg\u00f3 el nombramiento como\u00a0<strong>secretario de Seguridad P\u00fablica\u00a0<\/strong>al general de Brigada Diplomado de Estado Mayor Retirado,\u00a0<strong>Sergio Hernando Ch\u00e1vez Garc\u00eda<\/strong>.<\/p>\n\n\n\n<p>Como<strong>&nbsp;subsecretario de Seguridad P\u00fablica<\/strong>&nbsp;design\u00f3 al General de Brigada Diplomado de Estado Mayor,&nbsp;<strong>Alex Melgarejo Torres<\/strong>.<\/p>\n\n\n\n<p>El general Ch\u00e1vez Garc\u00eda naci\u00f3 en 1956, en Salvatierra, Guanajuato, y cuenta con carrera militar al tener el cargo de General Brigada Diplomado de Estado Mayor.<\/p>\n\n\n\n<p>Se desempe\u00f1\u00f3 como Subsecretario de Seguridad P\u00fablica del Estado de M\u00e9xico del 2018 a junio del 2022.<\/p>\n\n\n\n<p>Villarreal tambi\u00e9n entreg\u00f3 el nombramiento como&nbsp;<strong>secretario general de Gobierno<\/strong>, a&nbsp;<strong>H\u00e9ctor Joel Villegas Gonz\u00e1lez<\/strong>, quien estudi\u00f3 la licenciatura de Comercio Internacional en el Instituto Internacional de Estudios Superiores de Reynosa, Tamaulipas.<\/p>\n\n\n\n<p>A su egreso, Villegas labor\u00f3 en la Administraci\u00f3n P\u00fablica Federal como jefe de Secci\u00f3n de Especialistas Hacendarios del Sistema de Administraci\u00f3n Tributaria, hasta 2018 cuando fue invitado a participar como candidato a la diputaci\u00f3n federal en el proyecto de naci\u00f3n de esta Cuarta Transformaci\u00f3n donde obtuvo el triunfo por mayor\u00eda relativa.<\/p>\n\n\n\n<p>Fue diputado federal en la LXIV legislatura y se desempe\u00f1aba como presidente municipal de R\u00edo Bravo, Tamaulipas.<\/p>\n\n\n\n<p>Fuente: <a href=\"https:\/\/www.eluniversal.com.mx\/estados\/americo-villarreal-designa-secretarios-de-seguridad-publica-y-de-gobierno-de-tamaulipas\" data-type=\"URL\" data-id=\"https:\/\/www.eluniversal.com.mx\/estados\/americo-villarreal-designa-secretarios-de-seguridad-publica-y-de-gobierno-de-tamaulipas\">El Universal<\/a><\/p>\n","protected":false},"excerpt":{"rendered":"<p>El gobernador\u00a0Am\u00e9rico Villarreal Anaya\u00a0entreg\u00f3 la ma\u00f1ana de este s\u00e1bado los nombramientos al secretario de Seguridad P\u00fablica y al secretario general de Gobierno. Luego de rendir protesta en el Congreso del Estado, el mandatario tamaulipeco se traslad\u00f3 a la Torre Bicentenario, en donde entreg\u00f3 el nombramiento como\u00a0secretario de Seguridad P\u00fablica\u00a0al general de Brigada Diplomado de Estado [&hellip;]<\/p>\n","protected":false},"author":35,"featured_media":76643,"comment_status":"open","ping_status":"open","sticky":false,"template":"","format":"standard","meta":{"_monsterinsights_skip_tracking":false,"_monsterinsights_sitenote_active":false,"_monsterinsights_sitenote_note":"","_monsterinsights_sitenote_category":0,"footnotes":""},"categories":[158],"tags":[15289,12652,19829,7187,2192],"class_list":["post-76642","post","type-post","status-publish","format-standard","has-post-thumbnail","hentry","category-politica","tag-americo-villarreal","tag-designa","tag-gobierno-de-tamaulipas","tag-secretarios","tag-seguridad-publica","wp-image-borders"],"amp_enabled":true,"_links":{"self":[{"href":"https:\/\/nvnoticias.mx\/index.php\/wp-json\/wp\/v2\/posts\/76642","targetHints":{"allow":["GET"]}}],"collection":[{"href":"https:\/\/nvnoticias.mx\/index.php\/wp-json\/wp\/v2\/posts"}],"about":[{"href":"https:\/\/nvnoticias.mx\/index.php\/wp-json\/wp\/v2\/types\/post"}],"author":[{"embeddable":true,"href":"https:\/\/nvnoticias.mx\/index.php\/wp-json\/wp\/v2\/users\/35"}],"replies":[{"embeddable":true,"href":"https:\/\/nvnoticias.mx\/index.php\/wp-json\/wp\/v2\/comments?post=76642"}],"version-history":[{"count":1,"href":"https:\/\/nvnoticias.mx\/index.php\/wp-json\/wp\/v2\/posts\/76642\/revisions"}],"predecessor-version":[{"id":76644,"href":"https:\/\/nvnoticias.mx\/index.php\/wp-json\/wp\/v2\/posts\/76642\/revisions\/76644"}],"wp:featuredmedia":[{"embeddable":true,"href":"https:\/\/nvnoticias.mx\/index.php\/wp-json\/wp\/v2\/media\/76643"}],"wp:attachment":[{"href":"https:\/\/nvnoticias.mx\/index.php\/wp-json\/wp\/v2\/media?parent=76642"}],"wp:term":[{"taxonomy":"category","embeddable":true,"href":"https:\/\/nvnoticias.mx\/index.php\/wp-json\/wp\/v2\/categories?post=76642"},{"taxonomy":"post_tag","embeddable":true,"href":"https:\/\/nvnoticias.mx\/index.php\/wp-json\/wp\/v2\/tags?post=76642"}],"curies":[{"name":"wp","href":"https:\/\/api.w.org\/{rel}","templated":true}]}}