{"id":76613,"date":"2022-10-01T12:33:48","date_gmt":"2022-10-01T17:33:48","guid":{"rendered":"https:\/\/nvnoticias.mx\/?p=76613"},"modified":"2022-10-01T12:33:49","modified_gmt":"2022-10-01T17:33:49","slug":"reaccionan-lideres-a-la-toma-de-protesta-de-americo-villarreal","status":"publish","type":"post","link":"https:\/\/nvnoticias.mx\/index.php\/2022\/10\/01\/reaccionan-lideres-a-la-toma-de-protesta-de-americo-villarreal\/","title":{"rendered":"Reaccionan l\u00edderes a la toma de protesta de Am\u00e9rico Villarreal"},"content":{"rendered":"\n<p>Este primero de octubre, Am\u00e9rico Villarreal toma protesta como gobernador de Tamaulipas acompa\u00f1ado de lideres politicos de M\u00e9xico como el secretario de Gobernaci\u00f3n, el vocero de la Presidencia de M\u00e9xico entre otros.\u00a0 <\/p>\n\n\n\n<p>Para acompa\u00f1ar al nuevo gobernador de Tamaulipas, asistieron personalidades como el actual gobernador de Nuevo Le\u00f3n, el cual fue cuestionado respecto a la tem\u00e1tica del agua, a lo que el mandatario estatal respondi\u00f3: &#8220;venimos a saludar a nuestro amigo gobernador, Am\u00e9rico Villarreal&#8230;vamos a ver que la autoridad Conagua sea quien se encargue, es la facultada&#8221;.\u00a0 <\/p>\n\n\n\n<p>En representaci\u00f3n del Presidente de la Rep\u00fablica, Andr\u00e9s Manuel L\u00f3pez Obrador arriba al congreso del Estado, Ad\u00e1n Augusto L\u00f3pez, secretario de gobernaci\u00f3n, quien se\u00f1al\u00f3\u00a0\u201cya se fueron los aspirantes a dictadores&#8221;. Se le cuestion\u00f3 sobre Francisco Javier Garc\u00eda Cabeza de Vaca, gobernador saliente, y la posibilidad de \u201cperseguirlo&#8221;, a lo cual respondi\u00f3 \u201cya pasaron esas \u00e9pocas en donde Segob se dedicaba esas cosas, ahora es de otra manera&#8221;.<\/p>\n\n\n\n<blockquote class=\"wp-block-quote is-layout-flow wp-block-quote-is-layout-flow\"><p> \u201cQu\u00e9 gusto amanecer con aire de libertad, de respeto a todos&#8221;, insiste una de las cartas fuertes a la sucesi\u00f3n presidencial.<\/p><\/blockquote>\n\n\n\n<p>\u201cTamaulipas pas\u00f3 momentos muy dif\u00edciles, de mucha calumnia&#8221;, expuso\u00a0Claudia Sheinbaum, jefa de gobierno de la Ciudad de M\u00e9xico,\u00a0durante una de las varias entrevistas que proporcion\u00f3 al llegar y al irse del recinto. <\/p>\n\n\n\n<p>Fuente: <a href=\"https:\/\/www.milenio.com\/politica\/lideres-politicos-reaccionan-toma-protesta-americo-villarreal\" data-type=\"URL\" data-id=\"https:\/\/www.milenio.com\/politica\/lideres-politicos-reaccionan-toma-protesta-americo-villarreal\">Milenio<\/a><\/p>\n","protected":false},"excerpt":{"rendered":"<p>Este primero de octubre, Am\u00e9rico Villarreal toma protesta como gobernador de Tamaulipas acompa\u00f1ado de lideres politicos de M\u00e9xico como el secretario de Gobernaci\u00f3n, el vocero de la Presidencia de M\u00e9xico entre otros.\u00a0 Para acompa\u00f1ar al nuevo gobernador de Tamaulipas, asistieron personalidades como el actual gobernador de Nuevo Le\u00f3n, el cual fue cuestionado respecto a la [&hellip;]<\/p>\n","protected":false},"author":35,"featured_media":76614,"comment_status":"open","ping_status":"open","sticky":false,"template":"","format":"standard","meta":{"_monsterinsights_skip_tracking":false,"_monsterinsights_sitenote_active":false,"_monsterinsights_sitenote_note":"","_monsterinsights_sitenote_category":0,"footnotes":""},"categories":[158],"tags":[15289,9313,3492,19673,19813],"class_list":["post-76613","post","type-post","status-publish","format-standard","has-post-thumbnail","hentry","category-politica","tag-americo-villarreal","tag-lideres","tag-protesta","tag-reaccionan","tag-toms","wp-image-borders"],"amp_enabled":true,"_links":{"self":[{"href":"https:\/\/nvnoticias.mx\/index.php\/wp-json\/wp\/v2\/posts\/76613","targetHints":{"allow":["GET"]}}],"collection":[{"href":"https:\/\/nvnoticias.mx\/index.php\/wp-json\/wp\/v2\/posts"}],"about":[{"href":"https:\/\/nvnoticias.mx\/index.php\/wp-json\/wp\/v2\/types\/post"}],"author":[{"embeddable":true,"href":"https:\/\/nvnoticias.mx\/index.php\/wp-json\/wp\/v2\/users\/35"}],"replies":[{"embeddable":true,"href":"https:\/\/nvnoticias.mx\/index.php\/wp-json\/wp\/v2\/comments?post=76613"}],"version-history":[{"count":1,"href":"https:\/\/nvnoticias.mx\/index.php\/wp-json\/wp\/v2\/posts\/76613\/revisions"}],"predecessor-version":[{"id":76615,"href":"https:\/\/nvnoticias.mx\/index.php\/wp-json\/wp\/v2\/posts\/76613\/revisions\/76615"}],"wp:featuredmedia":[{"embeddable":true,"href":"https:\/\/nvnoticias.mx\/index.php\/wp-json\/wp\/v2\/media\/76614"}],"wp:attachment":[{"href":"https:\/\/nvnoticias.mx\/index.php\/wp-json\/wp\/v2\/media?parent=76613"}],"wp:term":[{"taxonomy":"category","embeddable":true,"href":"https:\/\/nvnoticias.mx\/index.php\/wp-json\/wp\/v2\/categories?post=76613"},{"taxonomy":"post_tag","embeddable":true,"href":"https:\/\/nvnoticias.mx\/index.php\/wp-json\/wp\/v2\/tags?post=76613"}],"curies":[{"name":"wp","href":"https:\/\/api.w.org\/{rel}","templated":true}]}}