{"id":76597,"date":"2022-10-01T11:46:13","date_gmt":"2022-10-01T16:46:13","guid":{"rendered":"https:\/\/nvnoticias.mx\/?p=76597"},"modified":"2022-10-01T11:46:13","modified_gmt":"2022-10-01T16:46:13","slug":"la-cadena-de-suministro-comenzo-a-normalizarse","status":"publish","type":"post","link":"https:\/\/nvnoticias.mx\/index.php\/2022\/10\/01\/la-cadena-de-suministro-comenzo-a-normalizarse\/","title":{"rendered":"La cadena de suministro comenz\u00f3 a normalizarse"},"content":{"rendered":"\n<p><strong>Jes\u00fas Utrilla | NV Noticias<\/strong><br>La cadena de suministro comenz\u00f3 a normalizarse, el movimiento mar\u00edtimo cada vez es m\u00e1s \u00e1gil y hay mayor movimiento comercial.<\/p>\n\n\n\n<p>El agente aduanal y expresidente de la Confederaci\u00f3n de Asociaciones de Agentes Aduanales de la Rep\u00fablica Mexicana, \u00a0An\u00edbal Reyes Rosas, confi\u00f3 en que los \u00faltimos meses sean de recuperaci\u00f3n en materia de comercio internacional.<\/p>\n\n\n\n<p>En el caso de Veracruz afirm\u00f3 que se mantienen las importaciones y exportaciones y seguramente los tres meses ser\u00e1n positivos.<\/p>\n\n\n\n<blockquote class=\"wp-block-quote is-layout-flow wp-block-quote-is-layout-flow\"><p>\u201cTenemos muchas esperanzas en que se siga recuperando, el comercio ha mejorado bastante, hay muchos barcos fondeados esperando para entrar a descargar entonces tenemos mucha confianza en que habr\u00e1 recuperaci\u00f3n\u201d.<\/p><\/blockquote>\n\n\n\n<p>Pese a la estabilidad que manifiesta el comercio exterior, el precio de los fletes contin\u00faa a la alza. Reyes Rosas aclar\u00f3 que no hubo escasez de productos en M\u00e9xico, como en otros pa\u00edses, por el conflicto Rusia- Ucrania y por la falta de espacio para el traslado de las mercanc\u00edas, sin embargo, los productos s\u00ed encarecieron en precio.<\/p>\n\n\n\n<blockquote class=\"wp-block-quote is-layout-flow wp-block-quote-is-layout-flow\"><p>\u201cEl precio de los fletes es un sube-baja dependiendo las temporadas, en este momento est\u00e1n caros como todo. Esperemos que con el movimiento tenga una peque\u00f1a baja, aunque no creo que baje mucho. Pudiera bajar. Esperamos que mejore bastante, que los precios se estabilicen, que eso es importante y que llegue a una posible normalidad el comercio\u201d.<\/p><\/blockquote>\n\n\n\n<p>Insisti\u00f3 en que a pesar de los factores mencionados el cierre de a\u00f1o ser\u00e1 favorable en materia de importaci\u00f3n y exportaci\u00f3n.<\/p>\n","protected":false},"excerpt":{"rendered":"<p>Jes\u00fas Utrilla | NV NoticiasLa cadena de suministro comenz\u00f3 a normalizarse, el movimiento mar\u00edtimo cada vez es m\u00e1s \u00e1gil y hay mayor movimiento comercial. El agente aduanal y expresidente de la Confederaci\u00f3n de Asociaciones de Agentes Aduanales de la Rep\u00fablica Mexicana, \u00a0An\u00edbal Reyes Rosas, confi\u00f3 en que los \u00faltimos meses sean de recuperaci\u00f3n en materia [&hellip;]<\/p>\n","protected":false},"author":35,"featured_media":20974,"comment_status":"open","ping_status":"open","sticky":false,"template":"","format":"standard","meta":{"_monsterinsights_skip_tracking":false,"_monsterinsights_sitenote_active":false,"_monsterinsights_sitenote_note":"","_monsterinsights_sitenote_category":0,"footnotes":""},"categories":[154],"tags":[15406,18715,19806,9111],"class_list":["post-76597","post","type-post","status-publish","format-standard","has-post-thumbnail","hentry","category-veracruz","tag-cadena","tag-comenzo","tag-normalizarse","tag-suministro","wp-image-borders"],"amp_enabled":true,"_links":{"self":[{"href":"https:\/\/nvnoticias.mx\/index.php\/wp-json\/wp\/v2\/posts\/76597","targetHints":{"allow":["GET"]}}],"collection":[{"href":"https:\/\/nvnoticias.mx\/index.php\/wp-json\/wp\/v2\/posts"}],"about":[{"href":"https:\/\/nvnoticias.mx\/index.php\/wp-json\/wp\/v2\/types\/post"}],"author":[{"embeddable":true,"href":"https:\/\/nvnoticias.mx\/index.php\/wp-json\/wp\/v2\/users\/35"}],"replies":[{"embeddable":true,"href":"https:\/\/nvnoticias.mx\/index.php\/wp-json\/wp\/v2\/comments?post=76597"}],"version-history":[{"count":1,"href":"https:\/\/nvnoticias.mx\/index.php\/wp-json\/wp\/v2\/posts\/76597\/revisions"}],"predecessor-version":[{"id":76598,"href":"https:\/\/nvnoticias.mx\/index.php\/wp-json\/wp\/v2\/posts\/76597\/revisions\/76598"}],"wp:featuredmedia":[{"embeddable":true,"href":"https:\/\/nvnoticias.mx\/index.php\/wp-json\/wp\/v2\/media\/20974"}],"wp:attachment":[{"href":"https:\/\/nvnoticias.mx\/index.php\/wp-json\/wp\/v2\/media?parent=76597"}],"wp:term":[{"taxonomy":"category","embeddable":true,"href":"https:\/\/nvnoticias.mx\/index.php\/wp-json\/wp\/v2\/categories?post=76597"},{"taxonomy":"post_tag","embeddable":true,"href":"https:\/\/nvnoticias.mx\/index.php\/wp-json\/wp\/v2\/tags?post=76597"}],"curies":[{"name":"wp","href":"https:\/\/api.w.org\/{rel}","templated":true}]}}