{"id":76452,"date":"2022-09-30T12:08:09","date_gmt":"2022-09-30T17:08:09","guid":{"rendered":"https:\/\/nvnoticias.mx\/?p=76452"},"modified":"2022-09-30T12:08:10","modified_gmt":"2022-09-30T17:08:10","slug":"habra-desfile-militar-en-veracruz-por-los-201-anos-de-la-creacion-de-la-armada-de-mexico","status":"publish","type":"post","link":"https:\/\/nvnoticias.mx\/index.php\/2022\/09\/30\/habra-desfile-militar-en-veracruz-por-los-201-anos-de-la-creacion-de-la-armada-de-mexico\/","title":{"rendered":"Habr\u00e1 desfile militar en Veracruz por los 201 a\u00f1os de la Creaci\u00f3n de la Armada de M\u00e9xico"},"content":{"rendered":"\n<p><strong>Jes\u00fas Utrilla \/ NV Noticias<\/strong><\/p>\n\n\n\n<p>La Secretar\u00eda de Marina invit\u00f3 a presenciar el 4 de octubre el desfile alusivo a la Creaci\u00f3n de la Armada de M\u00e9xico.<\/p>\n\n\n\n<p>Ser\u00e1 un desfile militar de marinos navales quienes marchar\u00e1 por las principales calles del puerto, como parte del acercamiento con la poblaci\u00f3n.<\/p>\n\n\n\n<blockquote class=\"wp-block-quote is-layout-flow wp-block-quote-is-layout-flow\"><p>\u201c<em>Una vez m\u00e1s, el Puerto de Veracruz, cuna de la historia de la naci\u00f3n y de la Armada de M\u00e9xico, se engalanar\u00e1 con el desfile militar, al conmemorar 201 a\u00f1os de la Creaci\u00f3n de la Armada de M\u00e9xico<\/em>\u201d.<\/p><\/blockquote>\n\n\n\n<p>La Secretar\u00eda de Marina a trav\u00e9s de la Tercera Regi\u00f3n Naval se\u00f1al\u00f3 que iniciar\u00e1 a partir de las 18:00 horas en la Macroplaza del Malec\u00f3n y concluir\u00e1 en inmediaciones de la Plaza de la Soberan\u00eda, entre el Boulevard Manuel \u00c1vila Camacho y la Calzada Sim\u00f3n Bol\u00edvar.<\/p>\n\n\n\n<blockquote class=\"wp-block-quote is-layout-flow wp-block-quote-is-layout-flow\"><p>\u201c<em>Se hace una atenta invitaci\u00f3n a las y los ciudadanos para que asistan a presenciar este magno desfile<\/em>\u201d.<\/p><\/blockquote>\n\n\n\n<p>Participar\u00e1n: la Heroica Escuela Naval Militar, el Centro de Formaci\u00f3n y Capacitaci\u00f3n de la Armada de M\u00e9xico y la Escuela N\u00e1utica Mercante, as\u00ed como el personal de diferentes cuerpos y servicios, como son: Cuerpo General, Infanter\u00eda de Marina, Pilotos Aeronavales y Sanidad Naval; asimismo, la Estaci\u00f3n Naval de B\u00fasqueda, Rescate y Vigilancia Mar\u00edtima, el Instituto Oceanogr\u00e1fico del Golfo y Mar Caribe, la Unidad de Investigaci\u00f3n y Desarrollo Tecnol\u00f3gico, entre otros.<\/p>\n\n\n\n<p>En la actualidad, la Armada de M\u00e9xico representa el componente operativo de la Secretar\u00eda de Marina, desempe\u00f1ando dos roles fundamentales: Marina de Guerra, enfocada en la defensa mar\u00edtima del territorio, para garantizar su independencia, soberan\u00eda e integridad; y como Guardia Costera, manteniendo el Estado de Derecho y salvaguardando la vida humana en la mar.<\/p>\n","protected":false},"excerpt":{"rendered":"<p>Jes\u00fas Utrilla \/ NV Noticias La Secretar\u00eda de Marina invit\u00f3 a presenciar el 4 de octubre el desfile alusivo a la Creaci\u00f3n de la Armada de M\u00e9xico. Ser\u00e1 un desfile militar de marinos navales quienes marchar\u00e1 por las principales calles del puerto, como parte del acercamiento con la poblaci\u00f3n. \u201cUna vez m\u00e1s, el Puerto de [&hellip;]<\/p>\n","protected":false},"author":8,"featured_media":76455,"comment_status":"open","ping_status":"open","sticky":false,"template":"","format":"standard","meta":{"_monsterinsights_skip_tracking":false,"_monsterinsights_sitenote_active":false,"_monsterinsights_sitenote_note":"","_monsterinsights_sitenote_category":0,"footnotes":""},"categories":[154],"tags":[5951,6110,180],"class_list":["post-76452","post","type-post","status-publish","format-standard","has-post-thumbnail","hentry","category-veracruz","tag-armada-de-mexico","tag-desfile-militar","tag-veracruz","wp-image-borders"],"amp_enabled":true,"_links":{"self":[{"href":"https:\/\/nvnoticias.mx\/index.php\/wp-json\/wp\/v2\/posts\/76452","targetHints":{"allow":["GET"]}}],"collection":[{"href":"https:\/\/nvnoticias.mx\/index.php\/wp-json\/wp\/v2\/posts"}],"about":[{"href":"https:\/\/nvnoticias.mx\/index.php\/wp-json\/wp\/v2\/types\/post"}],"author":[{"embeddable":true,"href":"https:\/\/nvnoticias.mx\/index.php\/wp-json\/wp\/v2\/users\/8"}],"replies":[{"embeddable":true,"href":"https:\/\/nvnoticias.mx\/index.php\/wp-json\/wp\/v2\/comments?post=76452"}],"version-history":[{"count":1,"href":"https:\/\/nvnoticias.mx\/index.php\/wp-json\/wp\/v2\/posts\/76452\/revisions"}],"predecessor-version":[{"id":76456,"href":"https:\/\/nvnoticias.mx\/index.php\/wp-json\/wp\/v2\/posts\/76452\/revisions\/76456"}],"wp:featuredmedia":[{"embeddable":true,"href":"https:\/\/nvnoticias.mx\/index.php\/wp-json\/wp\/v2\/media\/76455"}],"wp:attachment":[{"href":"https:\/\/nvnoticias.mx\/index.php\/wp-json\/wp\/v2\/media?parent=76452"}],"wp:term":[{"taxonomy":"category","embeddable":true,"href":"https:\/\/nvnoticias.mx\/index.php\/wp-json\/wp\/v2\/categories?post=76452"},{"taxonomy":"post_tag","embeddable":true,"href":"https:\/\/nvnoticias.mx\/index.php\/wp-json\/wp\/v2\/tags?post=76452"}],"curies":[{"name":"wp","href":"https:\/\/api.w.org\/{rel}","templated":true}]}}