{"id":76393,"date":"2022-09-30T10:59:41","date_gmt":"2022-09-30T15:59:41","guid":{"rendered":"https:\/\/nvnoticias.mx\/?p=76393"},"modified":"2022-09-30T10:59:42","modified_gmt":"2022-09-30T15:59:42","slug":"muere-el-boxeador-colombiano-luis-quinones-a-los-25-anos","status":"publish","type":"post","link":"https:\/\/nvnoticias.mx\/index.php\/2022\/09\/30\/muere-el-boxeador-colombiano-luis-quinones-a-los-25-anos\/","title":{"rendered":"Muere el boxeador colombiano Luis Qui\u00f1ones a los 25 a\u00f1os"},"content":{"rendered":"\n<p>El peleador colombiano de 25 a\u00f1os,\u00a0Luis Qui\u00f1ones, falleci\u00f3 la medianoche del jueves, cinco d\u00edas despu\u00e9s de haber sido hospitalizado de emergencia en Barranquilla tras ser noqueado en ocho episodios por su compatriota\u00a0Jos\u00e9 Mu\u00f1oz\u00a0cuando disputaban el campeonato Superligero nacional en el\u00a0Coliseo El\u00edas Chegwin.<\/p>\n\n\n\n<p>Durante la jornada del jueves, se hab\u00eda mencionado la muerte cerebral del pugilista originario de Barrancabermeja; sin embargo, segu\u00eda conectado a un respirador artificial. Desafortunadamente no sucedi\u00f3 el milagro que la familia esperaban y el deceso ocurri\u00f3 llegada la medianoche, confirmado por los propios familiares del joven\u00a0boxeador.<\/p>\n\n\n\n<p>Qui\u00f1ones, quien lleg\u00f3 invicto al duelo la noche del s\u00e1bado. Fue llevado a la\u00a0Cl\u00ednica General del Norte en Barranquilla,\u00a0donde fue intervenido por lo que diagnosticaron como \u201cdeterioro neurol\u00f3gico producto de trauma craneoencef\u00e1lico por contusiones traum\u00e1ticas\u201d y detectaron tambi\u00e9n un hematoma subdural, por lo que se le practic\u00f3 craniectom\u00eda, pidiendo 48 horas al menos para conocer su evoluci\u00f3n.<\/p>\n\n\n\n<figure class=\"wp-block-embed aligncenter is-type-rich is-provider-twitter wp-block-embed-twitter\"><div class=\"wp-block-embed__wrapper\">\n<blockquote class=\"twitter-tweet\" data-width=\"550\" data-dnt=\"true\"><p lang=\"es\" dir=\"ltr\">El boxeador barranque\u00f1o Luis Qui\u00f1\u00f3nez fue intervenido en una cl\u00ednica de <a href=\"https:\/\/twitter.com\/hashtag\/Barranquilla?src=hash&amp;ref_src=twsrc%5Etfw\">#Barranquilla<\/a>, luego del k.O que recibi\u00f3 en su pelea x la categor\u00eda 140 libs en la que fue noqueado por su rival Jos\u00e9 Mu\u00f1oz, minutos despu\u00e9s abandonaba  el cuadril\u00e1tero en camilla inconsciente. <a href=\"https:\/\/t.co\/hatj4yJBjG\">pic.twitter.com\/hatj4yJBjG<\/a><\/p>&mdash; DANIEL BARBA (@DAJEBA) <a href=\"https:\/\/twitter.com\/DAJEBA\/status\/1574141872360112128?ref_src=twsrc%5Etfw\">September 25, 2022<\/a><\/blockquote><script async src=\"https:\/\/platform.twitter.com\/widgets.js\" charset=\"utf-8\"><\/script>\n<\/div><\/figure>\n\n\n\n<p>Una vez que pasaron las 48 horas, lamentablemente la respuesta no fue favorable. \u201cEl paciente\u00a0Luis Andr\u00e9s Qui\u00f1ones Guzm\u00e1n\u00a0contin\u00faa presentando deterioro cl\u00ednico, neurol\u00f3gico, metab\u00f3lico y funcionar\u201d, indicaron entonces en la Cl\u00ednica, recalcando que su pron\u00f3stico era \u201cmuy reservado\u201d para la vida del\u00a0pugilista.<\/p>\n\n\n\n<p>Durante\u00a0la pelea, organizada por\u00a0Cuadril\u00e1tero Boxing, Qui\u00f1ones\u00a0y\u00a0Mu\u00f1oz\u00a0se enfrascaron en un emotivo combate; sin embargo, en el octavo episodio, luego que el r\u00e9feri busca que Jos\u00e9 se coloque de nuevo el protector bucal, se ve dram\u00e1ticamente a Luis en piernas tambaleantes en el ring, y cuando se reactiv\u00f3 la contienda, tras una ligera andanada, se fue a la lona, donde no se levant\u00f3, fue puesto en una camilla y llevado al nosocomio, donde lamentablemente perdi\u00f3 la vida.<\/p>\n\n\n\n<p>Fuente: <a href=\"https:\/\/www.espn.com.mx\/boxeo\/nota\/_\/id\/11004490\/fallecio-boxeador-colombiano-luis-quinones-a-los-25-anos\">ESPN<\/a><\/p>\n","protected":false},"excerpt":{"rendered":"<p>El peleador colombiano de 25 a\u00f1os,\u00a0Luis Qui\u00f1ones, falleci\u00f3 la medianoche del jueves, cinco d\u00edas despu\u00e9s de haber sido hospitalizado de emergencia en Barranquilla tras ser noqueado en ocho episodios por su compatriota\u00a0Jos\u00e9 Mu\u00f1oz\u00a0cuando disputaban el campeonato Superligero nacional en el\u00a0Coliseo El\u00edas Chegwin. Durante la jornada del jueves, se hab\u00eda mencionado la muerte cerebral del pugilista [&hellip;]<\/p>\n","protected":false},"author":8,"featured_media":76394,"comment_status":"open","ping_status":"open","sticky":false,"template":"","format":"standard","meta":{"_monsterinsights_skip_tracking":false,"_monsterinsights_sitenote_active":false,"_monsterinsights_sitenote_note":"","_monsterinsights_sitenote_category":0,"footnotes":""},"categories":[159],"tags":[14980,19767],"class_list":["post-76393","post","type-post","status-publish","format-standard","has-post-thumbnail","hentry","category-deportes","tag-boxeador","tag-luis-quinones","wp-image-borders"],"amp_enabled":true,"_links":{"self":[{"href":"https:\/\/nvnoticias.mx\/index.php\/wp-json\/wp\/v2\/posts\/76393","targetHints":{"allow":["GET"]}}],"collection":[{"href":"https:\/\/nvnoticias.mx\/index.php\/wp-json\/wp\/v2\/posts"}],"about":[{"href":"https:\/\/nvnoticias.mx\/index.php\/wp-json\/wp\/v2\/types\/post"}],"author":[{"embeddable":true,"href":"https:\/\/nvnoticias.mx\/index.php\/wp-json\/wp\/v2\/users\/8"}],"replies":[{"embeddable":true,"href":"https:\/\/nvnoticias.mx\/index.php\/wp-json\/wp\/v2\/comments?post=76393"}],"version-history":[{"count":1,"href":"https:\/\/nvnoticias.mx\/index.php\/wp-json\/wp\/v2\/posts\/76393\/revisions"}],"predecessor-version":[{"id":76395,"href":"https:\/\/nvnoticias.mx\/index.php\/wp-json\/wp\/v2\/posts\/76393\/revisions\/76395"}],"wp:featuredmedia":[{"embeddable":true,"href":"https:\/\/nvnoticias.mx\/index.php\/wp-json\/wp\/v2\/media\/76394"}],"wp:attachment":[{"href":"https:\/\/nvnoticias.mx\/index.php\/wp-json\/wp\/v2\/media?parent=76393"}],"wp:term":[{"taxonomy":"category","embeddable":true,"href":"https:\/\/nvnoticias.mx\/index.php\/wp-json\/wp\/v2\/categories?post=76393"},{"taxonomy":"post_tag","embeddable":true,"href":"https:\/\/nvnoticias.mx\/index.php\/wp-json\/wp\/v2\/tags?post=76393"}],"curies":[{"name":"wp","href":"https:\/\/api.w.org\/{rel}","templated":true}]}}