{"id":76292,"date":"2022-09-29T13:46:14","date_gmt":"2022-09-29T18:46:14","guid":{"rendered":"https:\/\/nvnoticias.mx\/?p=76292"},"modified":"2022-09-29T13:46:15","modified_gmt":"2022-09-29T18:46:15","slug":"conagua-monitorea-los-rios-ante-posibles-crecidas","status":"publish","type":"post","link":"https:\/\/nvnoticias.mx\/index.php\/2022\/09\/29\/conagua-monitorea-los-rios-ante-posibles-crecidas\/","title":{"rendered":"Conagua monitorea los R\u00edos ante posibles crecidas"},"content":{"rendered":"\n<p><strong>Jes\u00fas Utrilla \/ NV Noticias<\/strong><\/p>\n\n\n\n<p>Las lluvias continuar\u00e1n por ello la Comisi\u00f3n Nacional del Agua mantiene el monitoreo de los r\u00edos.<\/p>\n\n\n\n<p>Cesar Abdiel Hern\u00e1ndez Castillo,\u00a0 jefe de Brigada de Protecci\u00f3n y Atenci\u00f3n de Emergencias de la Conagua, dijo que vigilan con mayor \u00e9nfasis los r\u00edos Papaloapan y Coatzacoalcos.<\/p>\n\n\n\n<blockquote class=\"wp-block-quote is-layout-flow wp-block-quote-is-layout-flow\"><p>\u201c<em>Existen puntos donde se requieren trabajos de dragado, sin embargo, tienen que ir los t\u00e9cnicos de nuestras \u00e1reas a dar un dictamen y tratar de buscar los recursos. Ahorita no es tan f\u00e1cil aterrizar los recursos para ese tipo de obras<\/em>\u201d.<\/p><\/blockquote>\n\n\n\n<p>En el caso de la ciudad de Veracruz se reforz\u00f3 el c\u00e1rcamo de bombeo con 2 equipos adicionales.<\/p>\n\n\n\n<p>Adem\u00e1s se mantienen acciones preventivas en limpieza y desazolve de tragatormentas de las zona inundables.<\/p>\n\n\n\n<p>En el caso de la zona sur enviaron dos plantas potabilizadoras para suministrar del vital l\u00edquido a los habitantes de Hidalgotitl\u00e1n y Minatitl\u00e1n.<\/p>\n\n\n\n<p>Agreg\u00f3 que los r\u00edos de respuesta r\u00e1pida que se encuentran en el centro del estado se han mantenido por abajo de su nivel, s\u00f3lo el r\u00edo Cotaxtla hace unos d\u00edas se increment\u00f3 su nivel.<\/p>\n\n\n\n<blockquote class=\"wp-block-quote is-layout-flow wp-block-quote-is-layout-flow\"><p>\u201c<em>Actualmente ya descendi\u00f3 y est\u00e1 tranquilo, entonces s\u00f3lo trabajamos con los r\u00edos de respuesta lenta que es el r\u00edo Papaloapan y Coatzacoalcos<\/em>\u201d.<\/p><\/blockquote>\n","protected":false},"excerpt":{"rendered":"<p>Jes\u00fas Utrilla \/ NV Noticias Las lluvias continuar\u00e1n por ello la Comisi\u00f3n Nacional del Agua mantiene el monitoreo de los r\u00edos. Cesar Abdiel Hern\u00e1ndez Castillo,\u00a0 jefe de Brigada de Protecci\u00f3n y Atenci\u00f3n de Emergencias de la Conagua, dijo que vigilan con mayor \u00e9nfasis los r\u00edos Papaloapan y Coatzacoalcos. \u201cExisten puntos donde se requieren trabajos de [&hellip;]<\/p>\n","protected":false},"author":8,"featured_media":46907,"comment_status":"open","ping_status":"open","sticky":false,"template":"","format":"standard","meta":{"_monsterinsights_skip_tracking":false,"_monsterinsights_sitenote_active":false,"_monsterinsights_sitenote_note":"","_monsterinsights_sitenote_category":0,"footnotes":""},"categories":[154],"tags":[1576],"class_list":["post-76292","post","type-post","status-publish","format-standard","has-post-thumbnail","hentry","category-veracruz","tag-conagua","wp-image-borders"],"amp_enabled":true,"_links":{"self":[{"href":"https:\/\/nvnoticias.mx\/index.php\/wp-json\/wp\/v2\/posts\/76292","targetHints":{"allow":["GET"]}}],"collection":[{"href":"https:\/\/nvnoticias.mx\/index.php\/wp-json\/wp\/v2\/posts"}],"about":[{"href":"https:\/\/nvnoticias.mx\/index.php\/wp-json\/wp\/v2\/types\/post"}],"author":[{"embeddable":true,"href":"https:\/\/nvnoticias.mx\/index.php\/wp-json\/wp\/v2\/users\/8"}],"replies":[{"embeddable":true,"href":"https:\/\/nvnoticias.mx\/index.php\/wp-json\/wp\/v2\/comments?post=76292"}],"version-history":[{"count":1,"href":"https:\/\/nvnoticias.mx\/index.php\/wp-json\/wp\/v2\/posts\/76292\/revisions"}],"predecessor-version":[{"id":76293,"href":"https:\/\/nvnoticias.mx\/index.php\/wp-json\/wp\/v2\/posts\/76292\/revisions\/76293"}],"wp:featuredmedia":[{"embeddable":true,"href":"https:\/\/nvnoticias.mx\/index.php\/wp-json\/wp\/v2\/media\/46907"}],"wp:attachment":[{"href":"https:\/\/nvnoticias.mx\/index.php\/wp-json\/wp\/v2\/media?parent=76292"}],"wp:term":[{"taxonomy":"category","embeddable":true,"href":"https:\/\/nvnoticias.mx\/index.php\/wp-json\/wp\/v2\/categories?post=76292"},{"taxonomy":"post_tag","embeddable":true,"href":"https:\/\/nvnoticias.mx\/index.php\/wp-json\/wp\/v2\/tags?post=76292"}],"curies":[{"name":"wp","href":"https:\/\/api.w.org\/{rel}","templated":true}]}}