{"id":76191,"date":"2022-09-28T16:20:48","date_gmt":"2022-09-28T21:20:48","guid":{"rendered":"https:\/\/nvnoticias.mx\/?p=76191"},"modified":"2022-09-28T16:20:49","modified_gmt":"2022-09-28T21:20:49","slug":"es-constitucional-que-americo-villarreal-regrese-como-senador-ricardo-monreal","status":"publish","type":"post","link":"https:\/\/nvnoticias.mx\/index.php\/2022\/09\/28\/es-constitucional-que-americo-villarreal-regrese-como-senador-ricardo-monreal\/","title":{"rendered":"Es constitucional que Am\u00e9rico Villarreal regrese como senador: Ricardo Monreal"},"content":{"rendered":"\n<p>Es constitucional que Am\u00e9rico Villarreal Anaya, regrese como senador e inclusive puede pedir licencia hasta a unas horas antes de tomar protesta como gobernador de Tamaulipas, est\u00e1 dentro de la legalidad dijo Ricardo Monreal, presidente de la Junta de Coordinaci\u00f3n Pol\u00edtica del Senado. <\/p>\n\n\n\n<p>En la sesi\u00f3n ordinaria que hubo hoy en la C\u00e1mara Alta, los senadores debatieron la solicitud de dejar sin efecto el anuncio que hizo Am\u00e9rico Villarreal Anaya, para regresar a sus funciones como senador, que adem\u00e1s le concede fuero constitucional, con el argumento de que de esa forma podr\u00eda esquivar las embestidas que le intenta dar el gobierno del estado en Tamaulipas, que todav\u00eda est\u00e1 en funciones. <\/p>\n\n\n\n<p>Los senadores de Acci\u00f3n Nacional llevaron a debate la situaci\u00f3n, pese a que Villarreal Anaya desisti\u00f3 de regresar al senado. <\/p>\n\n\n\n<p>La bancada del PAN argument\u00f3 ahora la inelegibilidad del integrante de Morena como gobernador de Tamaulipas, pues aseguran que cometi\u00f3 un error al querer regresar al Senado, pues el art\u00edculo 79 de la Constituci\u00f3n de Tamaulipas refiere que en su cuarto p\u00e1rrafo dice que los que desempe\u00f1en cargo o comisi\u00f3n en otros estados o de la federaci\u00f3n se deben separen de su cargo 120 d\u00edas antes de la elecci\u00f3n sean o no de elecci\u00f3n popular.<\/p>\n\n\n\n<p> En el caso de Tamaulipas se est\u00e1 indicando que la elecci\u00f3n no ha terminado, pues apenas este mi\u00e9rcoles el Tribunal Electoral del Poder de la Federaci\u00f3n va a determinar la validez, toda vez que la alianza &#8220;Va por Tamaulipas&#8221; impugn\u00f3. <\/p>\n\n\n\n<p>El debate se centr\u00f3 en dejar sin efecto su solicitud de incorporaci\u00f3n a la C\u00e1mara Alta. Ricardo Monreal, presidente de la Junta de Coordinaci\u00f3n Pol\u00edtica del Senado, le entr\u00f3 al debate e indic\u00f3 que hay libros con jurisprudencia sobre esos casos y es que para ellos los 120 d\u00edas sin antes de una elecci\u00f3n, en este caso los comicios ya se efectuaron.<\/p>\n\n\n\n<blockquote class=\"wp-block-quote is-layout-flow wp-block-quote-is-layout-flow\"><p> &#8220;A\u00fan cuando no hubiera solicitado dejar sin efecto, est\u00e1 en plena legalidad, \u00e9l ya fue electo y los 120 d\u00edas son para la elecci\u00f3n, no para el lapso de ser electo y tomar protesta, no hay dificultad y solo son interpretaciones ausentes y con una evidente expresi\u00f3n de descalifica contra quien yo creo va a ser un excelente gobernador&#8221;. <\/p><\/blockquote>\n\n\n\n<p>Fuente: <a href=\"https:\/\/www.milenio.com\/politica\/constitucional-americo-villarreal-senador-ricardo-monreal\" data-type=\"URL\" data-id=\"https:\/\/www.milenio.com\/politica\/constitucional-americo-villarreal-senador-ricardo-monreal\">Milenio<\/a><\/p>\n","protected":false},"excerpt":{"rendered":"<p>Es constitucional que Am\u00e9rico Villarreal Anaya, regrese como senador e inclusive puede pedir licencia hasta a unas horas antes de tomar protesta como gobernador de Tamaulipas, est\u00e1 dentro de la legalidad dijo Ricardo Monreal, presidente de la Junta de Coordinaci\u00f3n Pol\u00edtica del Senado. En la sesi\u00f3n ordinaria que hubo hoy en la C\u00e1mara Alta, los [&hellip;]<\/p>\n","protected":false},"author":35,"featured_media":69914,"comment_status":"open","ping_status":"open","sticky":false,"template":"","format":"standard","meta":{"_monsterinsights_skip_tracking":false,"_monsterinsights_sitenote_active":false,"_monsterinsights_sitenote_note":"","_monsterinsights_sitenote_category":0,"footnotes":""},"categories":[158],"tags":[15289,10693,18318,600,1606],"class_list":["post-76191","post","type-post","status-publish","format-standard","has-post-thumbnail","hentry","category-politica","tag-americo-villarreal","tag-constitucional","tag-regrese","tag-ricardo-monreal","tag-senador","wp-image-borders"],"amp_enabled":true,"_links":{"self":[{"href":"https:\/\/nvnoticias.mx\/index.php\/wp-json\/wp\/v2\/posts\/76191","targetHints":{"allow":["GET"]}}],"collection":[{"href":"https:\/\/nvnoticias.mx\/index.php\/wp-json\/wp\/v2\/posts"}],"about":[{"href":"https:\/\/nvnoticias.mx\/index.php\/wp-json\/wp\/v2\/types\/post"}],"author":[{"embeddable":true,"href":"https:\/\/nvnoticias.mx\/index.php\/wp-json\/wp\/v2\/users\/35"}],"replies":[{"embeddable":true,"href":"https:\/\/nvnoticias.mx\/index.php\/wp-json\/wp\/v2\/comments?post=76191"}],"version-history":[{"count":1,"href":"https:\/\/nvnoticias.mx\/index.php\/wp-json\/wp\/v2\/posts\/76191\/revisions"}],"predecessor-version":[{"id":76193,"href":"https:\/\/nvnoticias.mx\/index.php\/wp-json\/wp\/v2\/posts\/76191\/revisions\/76193"}],"wp:featuredmedia":[{"embeddable":true,"href":"https:\/\/nvnoticias.mx\/index.php\/wp-json\/wp\/v2\/media\/69914"}],"wp:attachment":[{"href":"https:\/\/nvnoticias.mx\/index.php\/wp-json\/wp\/v2\/media?parent=76191"}],"wp:term":[{"taxonomy":"category","embeddable":true,"href":"https:\/\/nvnoticias.mx\/index.php\/wp-json\/wp\/v2\/categories?post=76191"},{"taxonomy":"post_tag","embeddable":true,"href":"https:\/\/nvnoticias.mx\/index.php\/wp-json\/wp\/v2\/tags?post=76191"}],"curies":[{"name":"wp","href":"https:\/\/api.w.org\/{rel}","templated":true}]}}