{"id":7618,"date":"2021-03-14T09:15:28","date_gmt":"2021-03-14T15:15:28","guid":{"rendered":"https:\/\/nvnoticias.mx\/?p=7618"},"modified":"2021-03-14T09:15:29","modified_gmt":"2021-03-14T15:15:29","slug":"deteccion-oportuna-del-glaucoma-reduce-complicaciones","status":"publish","type":"post","link":"https:\/\/nvnoticias.mx\/index.php\/2021\/03\/14\/deteccion-oportuna-del-glaucoma-reduce-complicaciones\/","title":{"rendered":"Detecci\u00f3n oportuna del glaucoma reduce complicaciones: IMSS Veracruz Norte"},"content":{"rendered":"\n<p>Veracruz.- Con el objetivo de crear conciencia sobre las enfermedades oculares progresivas y la importancia de su detecci\u00f3n oportuna, la Oficina de Representaci\u00f3n Veracruz Norte, del Instituto Mexicano del Seguro Social (IMSS), conmemor\u00f3 el D\u00eda Mundial del Glaucoma.<\/p>\n\n\n\n<p>En este sentido, la oftalm\u00f3loga del Hospital General de Zona (HGZ) No. 11, Ruth Noem\u00ed Le\u00f3n Alonso, indic\u00f3 que el glaucoma es un aumento de la presi\u00f3n intraocular que se desarrolla cuando el l\u00edquido que nutre y oxigena el globo ocular no fluye de manera correcta, lo cual produce lesiones en el nervio \u00f3ptico.<\/p>\n\n\n\n<p>Cuando el nervio \u00f3ptimo sufre una lesi\u00f3n, puede generar s\u00edntomas como dolor de cabeza y ojos, n\u00e1useas y v\u00f3mitos, p\u00e9rdida de visi\u00f3n lateral o perif\u00e9rica, visi\u00f3n borrosa, visi\u00f3n de halos tipo arco iris y visi\u00f3n de moscas volantes o centelleantes.<\/p>\n\n\n\n<p>Le\u00f3n Alonso precis\u00f3 que es importante atender de manera oportuna estas dificultades visuales para evitar complicaciones como infecciones y hemorragias oculares, cambios en la tensi\u00f3n intraocular y la m\u00e1s grave, p\u00e9rdida de la visi\u00f3n.<\/p>\n\n\n\n<p>Para determinar el grado de deterioro y aplicar un tratamiento adecuado, se pueden realizar exploraciones como medici\u00f3n de la tensi\u00f3n intraocular mediante un ton\u00f3metro, observaci\u00f3n de las alteraciones del nervio \u00f3ptico a trav\u00e9s de una oftalmoscopia o la comprobaci\u00f3n de las p\u00e9rdidas visuales con ayuda de la campimetr\u00eda.<\/p>\n\n\n\n<p>La especialista mencion\u00f3 que para realizar una detecci\u00f3n oportuna es importante acudir con regularidad a chequeos m\u00e9dicos para crear un historial cl\u00ednico que apoyar\u00e1 a los s\u00edntomas sugerentes de glaucoma para determinar que se tiene esta enfermedad.<\/p>\n\n\n\n<p>Asimismo, recomend\u00f3 a la poblaci\u00f3n a que acudan a su Unidad de Medicina Familiar (UMF) en caso de presentar molestias visuales con el objetivo de dar atenci\u00f3n oportuna para controlar su estado de salud y evitar complicaciones.<\/p>\n","protected":false},"excerpt":{"rendered":"<p>Veracruz.- Con el objetivo de crear conciencia sobre las enfermedades oculares progresivas y la importancia de su detecci\u00f3n oportuna, la Oficina de Representaci\u00f3n Veracruz Norte, del Instituto Mexicano del Seguro Social (IMSS), conmemor\u00f3 el D\u00eda Mundial del Glaucoma. En este sentido, la oftalm\u00f3loga del Hospital General de Zona (HGZ) No. 11, Ruth Noem\u00ed Le\u00f3n Alonso, [&hellip;]<\/p>\n","protected":false},"author":6,"featured_media":7619,"comment_status":"open","ping_status":"open","sticky":false,"template":"","format":"standard","meta":{"_monsterinsights_skip_tracking":false,"_monsterinsights_sitenote_active":false,"_monsterinsights_sitenote_note":"","_monsterinsights_sitenote_category":0,"footnotes":""},"categories":[154],"tags":[2243,1687,193],"class_list":["post-7618","post","type-post","status-publish","format-standard","has-post-thumbnail","hentry","category-veracruz","tag-glaucoma","tag-imss-veracruz-norte","tag-salud","wp-image-borders"],"amp_enabled":true,"_links":{"self":[{"href":"https:\/\/nvnoticias.mx\/index.php\/wp-json\/wp\/v2\/posts\/7618","targetHints":{"allow":["GET"]}}],"collection":[{"href":"https:\/\/nvnoticias.mx\/index.php\/wp-json\/wp\/v2\/posts"}],"about":[{"href":"https:\/\/nvnoticias.mx\/index.php\/wp-json\/wp\/v2\/types\/post"}],"author":[{"embeddable":true,"href":"https:\/\/nvnoticias.mx\/index.php\/wp-json\/wp\/v2\/users\/6"}],"replies":[{"embeddable":true,"href":"https:\/\/nvnoticias.mx\/index.php\/wp-json\/wp\/v2\/comments?post=7618"}],"version-history":[{"count":1,"href":"https:\/\/nvnoticias.mx\/index.php\/wp-json\/wp\/v2\/posts\/7618\/revisions"}],"predecessor-version":[{"id":7620,"href":"https:\/\/nvnoticias.mx\/index.php\/wp-json\/wp\/v2\/posts\/7618\/revisions\/7620"}],"wp:featuredmedia":[{"embeddable":true,"href":"https:\/\/nvnoticias.mx\/index.php\/wp-json\/wp\/v2\/media\/7619"}],"wp:attachment":[{"href":"https:\/\/nvnoticias.mx\/index.php\/wp-json\/wp\/v2\/media?parent=7618"}],"wp:term":[{"taxonomy":"category","embeddable":true,"href":"https:\/\/nvnoticias.mx\/index.php\/wp-json\/wp\/v2\/categories?post=7618"},{"taxonomy":"post_tag","embeddable":true,"href":"https:\/\/nvnoticias.mx\/index.php\/wp-json\/wp\/v2\/tags?post=7618"}],"curies":[{"name":"wp","href":"https:\/\/api.w.org\/{rel}","templated":true}]}}