{"id":76108,"date":"2022-09-28T10:56:18","date_gmt":"2022-09-28T15:56:18","guid":{"rendered":"https:\/\/nvnoticias.mx\/?p=76108"},"modified":"2022-09-28T10:56:19","modified_gmt":"2022-09-28T15:56:19","slug":"pide-tabe-disculpas-tras-video-de-su-papa-amagando-con-cuchillo-a-empleado-del-invea","status":"publish","type":"post","link":"https:\/\/nvnoticias.mx\/index.php\/2022\/09\/28\/pide-tabe-disculpas-tras-video-de-su-papa-amagando-con-cuchillo-a-empleado-del-invea\/","title":{"rendered":"Pide Tabe disculpas tras video de su pap\u00e1 amagando con cuchillo a empleado del Invea"},"content":{"rendered":"\n<p>Por medio de un video\u00a0<strong>Mauricio Tabe Echartea<\/strong>, alcalde de la<strong>\u00a0Miguel Hidalgo<\/strong>\u00a0pidi\u00f3 &#8220;disculpas p\u00fablicas&#8221; luego de que su padre amag\u00f3 con un cuchillo a un\u00a0<strong>empleado del Invea.\u00a0<\/strong><\/p>\n\n\n\n<p>\u201cMe sorprendi\u00f3 lo que vi, nunca lo hab\u00eda visto as\u00ed\u201d, dice Tabe. Esto luego de que en redes sociales se hizo viral un metraje donde se ve al propietario de<strong>\u00a0don Eraki,<\/strong>\u00a0amenazando a un inspector fuera de su taquer\u00eda.\u00a0<\/p>\n\n\n\n<p>El mensaje de m\u00e1s de un minuto explica que no justifica las acciones de su padre pero cuando \u201chabl\u00e9 con mi padre me dijo que estaba lleno de coraje , que hab\u00eda perdido la cabeza al ver que arbitrariamente cerrar\u00edan el negocio que con tanto esfuerzo hab\u00eda construido\u201d, declar\u00f3 Tabe.\u00a0<\/p>\n\n\n\n<p>Adem\u00e1s asegur\u00f3 que hay una campa\u00f1a de calumnias y mentiras \u201ces falso que el negocio sea irregular, cuenta con todos los papeles, es falso que yo est\u00e9 en el negocio\u201d, asegur\u00f3 el alcalde.<\/p>\n\n\n\n<blockquote class=\"wp-block-quote is-layout-flow wp-block-quote-is-layout-flow\"><p>\u201cEsto fue un acto de provocaci\u00f3n, de ataque y de intimidaci\u00f3n hacia mi familia. Mi pap\u00e1 no es pol\u00edtico y cay\u00f3 en la provocaci\u00f3n, nada lo justifica, nada lo justifica. No me voy a quedar callado frente a la intimidaci\u00f3n, a los ataques y a la provocaci\u00f3n y lo digo fuerte y claro: no estuvo bien lo que hizo mi pap\u00e1 y me sumo a sus disculpas\u201d, precis\u00f3 Mauricio Tabe.<\/p><\/blockquote>\n\n\n\n<blockquote class=\"twitter-tweet\"><p lang=\"es\" dir=\"ltr\">Nada justifica lo que pas\u00f3 hoy. Estuvo mal c\u00f3mo reaccion\u00f3 mi pap\u00e1 y me sumo a sus disculpas p\u00fablicas. <a href=\"https:\/\/t.co\/saI3BlYoBp\">pic.twitter.com\/saI3BlYoBp<\/a><\/p>&mdash; Mauricio Tabe Echartea (@mauriciotabe) <a href=\"https:\/\/twitter.com\/mauriciotabe\/status\/1574968267822706690?ref_src=twsrc%5Etfw\">September 28, 2022<\/a><\/blockquote> <script async src=\"https:\/\/platform.twitter.com\/widgets.js\" charset=\"utf-8\"><\/script>\n\n\n\n<p>Fuente:<a href=\"https:\/\/www.eluniversal.com.mx\/metropoli\/me-sumo-sus-disculpas-dice-tabe-tras-video-de-su-papa-amagando-con-cuchillo-empleado-del-invea\" data-type=\"URL\" data-id=\"https:\/\/www.eluniversal.com.mx\/metropoli\/me-sumo-sus-disculpas-dice-tabe-tras-video-de-su-papa-amagando-con-cuchillo-empleado-del-invea\"> El Universal<\/a><\/p>\n","protected":false},"excerpt":{"rendered":"<p>Por medio de un video\u00a0Mauricio Tabe Echartea, alcalde de la\u00a0Miguel Hidalgo\u00a0pidi\u00f3 &#8220;disculpas p\u00fablicas&#8221; luego de que su padre amag\u00f3 con un cuchillo a un\u00a0empleado del Invea.\u00a0 \u201cMe sorprendi\u00f3 lo que vi, nunca lo hab\u00eda visto as\u00ed\u201d, dice Tabe. Esto luego de que en redes sociales se hizo viral un metraje donde se ve al propietario [&hellip;]<\/p>\n","protected":false},"author":35,"featured_media":76100,"comment_status":"open","ping_status":"open","sticky":false,"template":"","format":"standard","meta":{"_monsterinsights_skip_tracking":false,"_monsterinsights_sitenote_active":false,"_monsterinsights_sitenote_note":"","_monsterinsights_sitenote_category":0,"footnotes":""},"categories":[158],"tags":[19701,16195,11268,5113,19700,5876,10902,9741,147],"class_list":["post-76108","post","type-post","status-publish","format-standard","has-post-thumbnail","hentry","category-politica","tag-amagando","tag-cuchillo","tag-disculpas","tag-empleado","tag-invea","tag-mauricio-tabe","tag-papa-2","tag-pide","tag-video","wp-image-borders"],"amp_enabled":true,"_links":{"self":[{"href":"https:\/\/nvnoticias.mx\/index.php\/wp-json\/wp\/v2\/posts\/76108","targetHints":{"allow":["GET"]}}],"collection":[{"href":"https:\/\/nvnoticias.mx\/index.php\/wp-json\/wp\/v2\/posts"}],"about":[{"href":"https:\/\/nvnoticias.mx\/index.php\/wp-json\/wp\/v2\/types\/post"}],"author":[{"embeddable":true,"href":"https:\/\/nvnoticias.mx\/index.php\/wp-json\/wp\/v2\/users\/35"}],"replies":[{"embeddable":true,"href":"https:\/\/nvnoticias.mx\/index.php\/wp-json\/wp\/v2\/comments?post=76108"}],"version-history":[{"count":1,"href":"https:\/\/nvnoticias.mx\/index.php\/wp-json\/wp\/v2\/posts\/76108\/revisions"}],"predecessor-version":[{"id":76109,"href":"https:\/\/nvnoticias.mx\/index.php\/wp-json\/wp\/v2\/posts\/76108\/revisions\/76109"}],"wp:featuredmedia":[{"embeddable":true,"href":"https:\/\/nvnoticias.mx\/index.php\/wp-json\/wp\/v2\/media\/76100"}],"wp:attachment":[{"href":"https:\/\/nvnoticias.mx\/index.php\/wp-json\/wp\/v2\/media?parent=76108"}],"wp:term":[{"taxonomy":"category","embeddable":true,"href":"https:\/\/nvnoticias.mx\/index.php\/wp-json\/wp\/v2\/categories?post=76108"},{"taxonomy":"post_tag","embeddable":true,"href":"https:\/\/nvnoticias.mx\/index.php\/wp-json\/wp\/v2\/tags?post=76108"}],"curies":[{"name":"wp","href":"https:\/\/api.w.org\/{rel}","templated":true}]}}