{"id":76066,"date":"2022-09-27T16:50:08","date_gmt":"2022-09-27T21:50:08","guid":{"rendered":"https:\/\/nvnoticias.mx\/?p=76066"},"modified":"2022-09-27T16:50:10","modified_gmt":"2022-09-27T21:50:10","slug":"morenistas-levantan-castigo-a-alito-y-regresan-a-comision-de-gobernacion","status":"publish","type":"post","link":"https:\/\/nvnoticias.mx\/index.php\/2022\/09\/27\/morenistas-levantan-castigo-a-alito-y-regresan-a-comision-de-gobernacion\/","title":{"rendered":"Morenistas levantan \u201ccastigo\u201d a &#8216;Alito&#8217; y regresan a Comisi\u00f3n de Gobernaci\u00f3n"},"content":{"rendered":"\n<p>Tras cuatro reuniones fallidas por la ausencia de los legisladores de Morena, PVEM y PT, la Comisi\u00f3n de Gobernaci\u00f3n de la C\u00e1mara de Diputados, presidida por el priista Alejandro Moreno, logr\u00f3 finalmente alcanzar el qu\u00f3rum y celebrar este martes sesi\u00f3n de junta directiva.<\/p>\n\n\n\n<p>Morenistas, verdes y petistas se hab\u00edan negado a atender las convocatorias de Moreno desde el pasado 3 de junio, e incluso demandaron su destituci\u00f3n como presidente del grupo de trabajo debido a las acusaciones de enriquecimiento il\u00edcito y \u201clavado\u201d de dinero en su contra. <\/p>\n\n\n\n<p>No obstante y en representaci\u00f3n de Morena, el diputado Miguel Carrillo le expres\u00f3 hoy p\u00fablicamente reconocimiento y respaldo a Alejandro Moreno. <\/p>\n\n\n\n<p>El tambi\u00e9n dirigente nacional del PRI celebr\u00f3 que los legisladores de todas las bancadas est\u00e9n dispuestos a construir y a dialogar m\u00e1s all\u00e1 de colores y de partidos y finalmente hayan atendido la convocatoria. <\/p>\n\n\n\n<p>Interrogado sobre la instalaci\u00f3n de la Secci\u00f3n Instructora encargada de resolver la solicitud de la Fiscal\u00eda de Campeche para retirarle el fuero y procesarlo como presunto responsable de enriquecimiento il\u00edcito, Moreno se\u00f1al\u00f3:<\/p>\n\n\n\n<blockquote class=\"wp-block-quote is-layout-flow wp-block-quote-is-layout-flow\"><p>\u201c<em>Les quiero decir que estamos contentos, no tengo nada que ocultar, yo he sido una gente transparente, he sido siempre no solo objetivo, mis cosas son claras, est\u00e1n de cara a la sociedad, as\u00ed que aqu\u00ed seguiremos trabajando<\/em>\u201d. <\/p><\/blockquote>\n\n\n\n<p>Fuente: <a href=\"https:\/\/www.milenio.com\/politica\/morenistas-alzan-castigo-alito-vuelven-comision-gobernacion\">Milenio<\/a><\/p>\n","protected":false},"excerpt":{"rendered":"<p>Tras cuatro reuniones fallidas por la ausencia de los legisladores de Morena, PVEM y PT, la Comisi\u00f3n de Gobernaci\u00f3n de la C\u00e1mara de Diputados, presidida por el priista Alejandro Moreno, logr\u00f3 finalmente alcanzar el qu\u00f3rum y celebrar este martes sesi\u00f3n de junta directiva. Morenistas, verdes y petistas se hab\u00edan negado a atender las convocatorias de [&hellip;]<\/p>\n","protected":false},"author":8,"featured_media":57136,"comment_status":"open","ping_status":"open","sticky":false,"template":"","format":"standard","meta":{"_monsterinsights_skip_tracking":false,"_monsterinsights_sitenote_active":false,"_monsterinsights_sitenote_note":"","_monsterinsights_sitenote_category":0,"footnotes":""},"categories":[158],"tags":[16779,18235,16397,162],"class_list":["post-76066","post","type-post","status-publish","format-standard","has-post-thumbnail","hentry","category-politica","tag-alito-moreno","tag-comision-de-gobernacion","tag-morenistas","tag-portada","wp-image-borders"],"amp_enabled":true,"_links":{"self":[{"href":"https:\/\/nvnoticias.mx\/index.php\/wp-json\/wp\/v2\/posts\/76066","targetHints":{"allow":["GET"]}}],"collection":[{"href":"https:\/\/nvnoticias.mx\/index.php\/wp-json\/wp\/v2\/posts"}],"about":[{"href":"https:\/\/nvnoticias.mx\/index.php\/wp-json\/wp\/v2\/types\/post"}],"author":[{"embeddable":true,"href":"https:\/\/nvnoticias.mx\/index.php\/wp-json\/wp\/v2\/users\/8"}],"replies":[{"embeddable":true,"href":"https:\/\/nvnoticias.mx\/index.php\/wp-json\/wp\/v2\/comments?post=76066"}],"version-history":[{"count":1,"href":"https:\/\/nvnoticias.mx\/index.php\/wp-json\/wp\/v2\/posts\/76066\/revisions"}],"predecessor-version":[{"id":76067,"href":"https:\/\/nvnoticias.mx\/index.php\/wp-json\/wp\/v2\/posts\/76066\/revisions\/76067"}],"wp:featuredmedia":[{"embeddable":true,"href":"https:\/\/nvnoticias.mx\/index.php\/wp-json\/wp\/v2\/media\/57136"}],"wp:attachment":[{"href":"https:\/\/nvnoticias.mx\/index.php\/wp-json\/wp\/v2\/media?parent=76066"}],"wp:term":[{"taxonomy":"category","embeddable":true,"href":"https:\/\/nvnoticias.mx\/index.php\/wp-json\/wp\/v2\/categories?post=76066"},{"taxonomy":"post_tag","embeddable":true,"href":"https:\/\/nvnoticias.mx\/index.php\/wp-json\/wp\/v2\/tags?post=76066"}],"curies":[{"name":"wp","href":"https:\/\/api.w.org\/{rel}","templated":true}]}}