{"id":76052,"date":"2022-09-27T14:07:50","date_gmt":"2022-09-27T19:07:50","guid":{"rendered":"https:\/\/nvnoticias.mx\/?p=76052"},"modified":"2022-09-27T14:07:51","modified_gmt":"2022-09-27T19:07:51","slug":"tigres-femenil-jugara-vs-fc-bayern-munich-femenil-por-la-copa-amazonas","status":"publish","type":"post","link":"https:\/\/nvnoticias.mx\/index.php\/2022\/09\/27\/tigres-femenil-jugara-vs-fc-bayern-munich-femenil-por-la-copa-amazonas\/","title":{"rendered":"Tigres Femenil jugar\u00e1 vs FC Bayern Munich Femenil por la Copa Amazonas"},"content":{"rendered":"\n<p>Tigres Femenil\u00a0enfrentar\u00e1 en enero pr\u00f3ximo a\u00a0FC Bayern Munich Femenil\u00a0en el estadio Universitario para disputar la\u00a0Copa Amazonas, que tendr\u00e1 su primera edici\u00f3n luego que se contempla sea anual.<\/p>\n\n\n\n<p>Los clubes anunciaron, mediante una conferencia de prensa, que el encuentro se realizar\u00e1 el d\u00eda 21 del mencionado mes, lo cual abrir\u00e1 paso para m\u00e1s actividades de los felinos con el conjunto alem\u00e1n.<\/p>\n\n\n\n<p>Mauricio Culebro, presidente del conjunto de la\u00a0UANL, expres\u00f3 que &#8220;Tigres\u00a0siempre tiene el compromiso de competir a nivel internacional y es la manera indicada para que nuestro equipo pueda competir con los mejores, no s\u00f3lo en nuestro continente sino contra otros como los europeos&#8221;.<\/p>\n\n\n\n<p>El directivo expres\u00f3 que, por lo pronto, la idea que es este enfrentamiento sea en Monterrey, por lo que despu\u00e9s pudieran analizar la posibilidad de enfrentar a otros conjuntos fuera de M\u00e9xico.<\/p>\n\n\n\n<p>Culebro, quien resalt\u00f3 la alianza entre\u00a0Tigres\u00a0y\u00a0Bayern Munich, manifest\u00f3 que &#8220;la alianza con el\u00a0Bayern\u00a0va avanzando, este es un primer paso y por qu\u00e9 no pensar un partido entre los equipos varoniles&#8221;.<\/p>\n\n\n\n<p>Hace algunos meses se hab\u00eda abierto la posibilidad de que los conjuntos varoniles de estos clubes se enfrentar\u00e1n en un amistoso, que permitir\u00eda revivir la final del\u00a0Mundial del Clubes\u00a0que disputaron en el 2021, pero por cuestiones de calendario de los conjuntos no se pudo concretar, pero sigue abierta la posibilidad.<\/p>\n\n\n\n<p>Bianca Rech, directora deportiva del\u00a0FC Bayern Munich Femenil, expres\u00f3 que ese equipo siempre busca competir a un alto nivel y que tienen una buena expectativa del enfrentamiento ante\u00a0Tigres Femenil.<\/p>\n\n\n\n<blockquote class=\"wp-block-quote is-layout-flow wp-block-quote-is-layout-flow\"><p>&#8220;<em>Siempre hemos querido competir al nivel m\u00e1s alto nivel y esta oportunidad es jugar contra uno de los mejores equipos norteamericanos, tenemos una gran expectativa, los aficionados mexicanos son entusiastas y es una oportunidad de conocer una cultura diferente<\/em>&#8220;, asever\u00f3.<\/p><\/blockquote>\n\n\n\n<p>Fuente: <a href=\"https:\/\/www.espn.com.mx\/futbol\/mexico\/nota\/_\/id\/10992562\/tigres-femenil-disputara-ante-fc-bayern-munich-femenil-copa-amazonas\">ESPN<\/a><\/p>\n","protected":false},"excerpt":{"rendered":"<p>Tigres Femenil\u00a0enfrentar\u00e1 en enero pr\u00f3ximo a\u00a0FC Bayern Munich Femenil\u00a0en el estadio Universitario para disputar la\u00a0Copa Amazonas, que tendr\u00e1 su primera edici\u00f3n luego que se contempla sea anual. Los clubes anunciaron, mediante una conferencia de prensa, que el encuentro se realizar\u00e1 el d\u00eda 21 del mencionado mes, lo cual abrir\u00e1 paso para m\u00e1s actividades de los [&hellip;]<\/p>\n","protected":false},"author":8,"featured_media":76053,"comment_status":"open","ping_status":"open","sticky":false,"template":"","format":"standard","meta":{"_monsterinsights_skip_tracking":false,"_monsterinsights_sitenote_active":false,"_monsterinsights_sitenote_note":"","_monsterinsights_sitenote_category":0,"footnotes":""},"categories":[159],"tags":[19695,19694,19693],"class_list":["post-76052","post","type-post","status-publish","format-standard","has-post-thumbnail","hentry","category-deportes","tag-copa-amazonas","tag-fc-bayern-munich-femenil","tag-tigres-femenil","wp-image-borders"],"amp_enabled":true,"_links":{"self":[{"href":"https:\/\/nvnoticias.mx\/index.php\/wp-json\/wp\/v2\/posts\/76052","targetHints":{"allow":["GET"]}}],"collection":[{"href":"https:\/\/nvnoticias.mx\/index.php\/wp-json\/wp\/v2\/posts"}],"about":[{"href":"https:\/\/nvnoticias.mx\/index.php\/wp-json\/wp\/v2\/types\/post"}],"author":[{"embeddable":true,"href":"https:\/\/nvnoticias.mx\/index.php\/wp-json\/wp\/v2\/users\/8"}],"replies":[{"embeddable":true,"href":"https:\/\/nvnoticias.mx\/index.php\/wp-json\/wp\/v2\/comments?post=76052"}],"version-history":[{"count":1,"href":"https:\/\/nvnoticias.mx\/index.php\/wp-json\/wp\/v2\/posts\/76052\/revisions"}],"predecessor-version":[{"id":76054,"href":"https:\/\/nvnoticias.mx\/index.php\/wp-json\/wp\/v2\/posts\/76052\/revisions\/76054"}],"wp:featuredmedia":[{"embeddable":true,"href":"https:\/\/nvnoticias.mx\/index.php\/wp-json\/wp\/v2\/media\/76053"}],"wp:attachment":[{"href":"https:\/\/nvnoticias.mx\/index.php\/wp-json\/wp\/v2\/media?parent=76052"}],"wp:term":[{"taxonomy":"category","embeddable":true,"href":"https:\/\/nvnoticias.mx\/index.php\/wp-json\/wp\/v2\/categories?post=76052"},{"taxonomy":"post_tag","embeddable":true,"href":"https:\/\/nvnoticias.mx\/index.php\/wp-json\/wp\/v2\/tags?post=76052"}],"curies":[{"name":"wp","href":"https:\/\/api.w.org\/{rel}","templated":true}]}}