{"id":76039,"date":"2022-09-27T12:59:06","date_gmt":"2022-09-27T17:59:06","guid":{"rendered":"https:\/\/nvnoticias.mx\/?p=76039"},"modified":"2022-09-27T12:59:07","modified_gmt":"2022-09-27T17:59:07","slug":"adan-augusto-lopez-secretario-de-gobernacion-comparece-ante-el-senado","status":"publish","type":"post","link":"https:\/\/nvnoticias.mx\/index.php\/2022\/09\/27\/adan-augusto-lopez-secretario-de-gobernacion-comparece-ante-el-senado\/","title":{"rendered":"Ad\u00e1n Augusto L\u00f3pez, secretario de Gobernaci\u00f3n, comparece ante el Senado"},"content":{"rendered":"\n<p>El titular de la Secretar\u00eda de Gobernaci\u00f3n (Segob), Ad\u00e1n Augusto L\u00f3pez Hern\u00e1ndez,\u00a0comparece ante el pleno del Senado con motivo de la Glosa del\u00a0 Cuarto Informe de Gobierno del presidente Andr\u00e9s Manuel L\u00f3pez Obrador.\u00a0 <\/p>\n\n\n\n<p>El funcionario federal lleg\u00f3 a las instalaciones de la C\u00e1mara de Senadores alrededor de las 11:25 horas, y fue recibido por el legislador del PRI,\u00a0Manuel A\u00f1orve Ba\u00f1os.\u00a0 <\/p>\n\n\n\n<p>El secretario de Gobernaci\u00f3n se presentar\u00e1 ante los senadores para exponer y dar respuesta a las preguntas en materia de pol\u00edtica interna reflejada en el Cuarto Informe de Gobierno presentado a principios del mes.\u00a0 <\/p>\n\n\n\n<p>Previo a su comparecencia ante el pleno, L\u00f3pez Hern\u00e1ndez salud\u00f3 esca\u00f1o por esca\u00f1o a los legisladores de todas las bancadas en el Sal\u00f3n de Plenos. <\/p>\n\n\n\n<p>Una de las llamadas \u201ccorcholatas\u201d del presidente Andr\u00e9s Manuel L\u00f3pez Obrador pos\u00f3 para la foto, acompa\u00f1ado de otro aspirante presidencial: Ricardo Monreal, coordinador de Morena. <\/p>\n\n\n\n<p>Su antecesora, la senadora Olga S\u00e1nchez Cordero, lo recibi\u00f3 efusivamente. A Delfina G\u00f3mez tambi\u00e9n a Razo y salud\u00f3 al ex panista Ra\u00fal Paz Alonso. <\/p>\n\n\n\n<p>Mientras que la panista X\u00f3chitl G\u00e1lvez intercambi\u00f3 un par de palabras con \u00e9l y le dijo que iba a tardar m\u00e1s en los saludos que en la glosa. Y es que se tard\u00f3 casi 20 minutos en dar la mano y abrazar a los legisladores. <\/p>\n\n\n\n<p>Asimismo, intercambi\u00f3 unas breves palabras con la panista Lilly T\u00e9llez y tambi\u00e9n estrech\u00f3 la mano de la pri\u00edsta Claudia Ruiz Massieu, como lo hizo tambi\u00e9n con los pri\u00edstas Mario Zamora, Jorge Carlos Ram\u00edrez Mar\u00edn y Manuel A\u00f1orve. <\/p>\n\n\n\n<p>El tabasque\u00f1o salud\u00f3 uno a uno a los senadores de la bancada mayoritaria y a algunos de la oposici\u00f3n, entre ellos, Julen Rementeria y Miguel \u00c1ngel Mancera, coordinadores del PAN y del PRD, respectivamente. <\/p>\n\n\n\n<p>Asimismo, salud\u00f3 efusivamente a Germ\u00e1n Mart\u00ednez, integrante del Grupo Plural. En un acto de cortes\u00eda dio toda la vuelta al Sal\u00f3n de Sesiones para tener una deferencia con los legisladores.\u00a0Tambi\u00e9n, pos\u00f3 para las selfies y salud\u00f3 a su \u201camigo\u201d Manuel Velasco, coordinador del Partido Verde. <\/p>\n\n\n\n<p>Volvi\u00f3 a posar para la foto con Ricardo Monreal, a quien abraz\u00f3 y con el senador ecologista Ra\u00fal Bola\u00f1os. <\/p>\n\n\n\n<p>Fuente: <a href=\"https:\/\/www.milenio.com\/politica\/adan-augusto-lopez-titular-segob-comparece-senado\">Milenio<\/a><\/p>\n","protected":false},"excerpt":{"rendered":"<p>El titular de la Secretar\u00eda de Gobernaci\u00f3n (Segob), Ad\u00e1n Augusto L\u00f3pez Hern\u00e1ndez,\u00a0comparece ante el pleno del Senado con motivo de la Glosa del\u00a0 Cuarto Informe de Gobierno del presidente Andr\u00e9s Manuel L\u00f3pez Obrador.\u00a0 El funcionario federal lleg\u00f3 a las instalaciones de la C\u00e1mara de Senadores alrededor de las 11:25 horas, y fue recibido por el [&hellip;]<\/p>\n","protected":false},"author":8,"featured_media":76040,"comment_status":"open","ping_status":"open","sticky":false,"template":"","format":"standard","meta":{"_monsterinsights_skip_tracking":false,"_monsterinsights_sitenote_active":false,"_monsterinsights_sitenote_note":"","_monsterinsights_sitenote_category":0,"footnotes":""},"categories":[158],"tags":[16465,3949,162,775],"class_list":["post-76039","post","type-post","status-publish","format-standard","has-post-thumbnail","hentry","category-politica","tag-adan-augusto-lopez","tag-comparecencia","tag-portada","tag-segob","wp-image-borders"],"amp_enabled":true,"_links":{"self":[{"href":"https:\/\/nvnoticias.mx\/index.php\/wp-json\/wp\/v2\/posts\/76039","targetHints":{"allow":["GET"]}}],"collection":[{"href":"https:\/\/nvnoticias.mx\/index.php\/wp-json\/wp\/v2\/posts"}],"about":[{"href":"https:\/\/nvnoticias.mx\/index.php\/wp-json\/wp\/v2\/types\/post"}],"author":[{"embeddable":true,"href":"https:\/\/nvnoticias.mx\/index.php\/wp-json\/wp\/v2\/users\/8"}],"replies":[{"embeddable":true,"href":"https:\/\/nvnoticias.mx\/index.php\/wp-json\/wp\/v2\/comments?post=76039"}],"version-history":[{"count":1,"href":"https:\/\/nvnoticias.mx\/index.php\/wp-json\/wp\/v2\/posts\/76039\/revisions"}],"predecessor-version":[{"id":76041,"href":"https:\/\/nvnoticias.mx\/index.php\/wp-json\/wp\/v2\/posts\/76039\/revisions\/76041"}],"wp:featuredmedia":[{"embeddable":true,"href":"https:\/\/nvnoticias.mx\/index.php\/wp-json\/wp\/v2\/media\/76040"}],"wp:attachment":[{"href":"https:\/\/nvnoticias.mx\/index.php\/wp-json\/wp\/v2\/media?parent=76039"}],"wp:term":[{"taxonomy":"category","embeddable":true,"href":"https:\/\/nvnoticias.mx\/index.php\/wp-json\/wp\/v2\/categories?post=76039"},{"taxonomy":"post_tag","embeddable":true,"href":"https:\/\/nvnoticias.mx\/index.php\/wp-json\/wp\/v2\/tags?post=76039"}],"curies":[{"name":"wp","href":"https:\/\/api.w.org\/{rel}","templated":true}]}}