{"id":76024,"date":"2022-09-27T12:31:49","date_gmt":"2022-09-27T17:31:49","guid":{"rendered":"https:\/\/nvnoticias.mx\/?p=76024"},"modified":"2022-09-27T12:31:50","modified_gmt":"2022-09-27T17:31:50","slug":"bloquean-jb-lobos-para-exigir-reparacion-de-kinder","status":"publish","type":"post","link":"https:\/\/nvnoticias.mx\/index.php\/2022\/09\/27\/bloquean-jb-lobos-para-exigir-reparacion-de-kinder\/","title":{"rendered":"Bloquean JB Lobos para exigir reparaci\u00f3n de kinder"},"content":{"rendered":"\n<p><strong>Jes\u00fas Utrilla \/ NV Noticias<\/strong><\/p>\n\n\n\n<p>Padres de familia del k\u00ednder Magisterio Veracruzano bloquearon la avenida JB Lobos para exigir escrituras, domo y pisos para dos salones.<\/p>\n\n\n\n<p>La presidenta del comit\u00e9 de padres de familia, Blanca Luisa Hern\u00e1ndez \u00c1vila, dijo que tambi\u00e9n necesitan una barda perimetral<\/p>\n\n\n\n<p>Sin embargo, dos de los cuatro salones no pueden ocuparse porque se levant\u00f3 el piso y la recomendaci\u00f3n de Protecci\u00f3n Civil fue no exponer a los ni\u00f1os.<\/p>\n\n\n\n<p>Por tal Motivo toman clases en el patio pero les preocupa el evento de norte que se espera para los siguientes d\u00edas.<\/p>\n\n\n\n<p>Y es que el techo es de l\u00e1mina y podr\u00eda lesionar a alguno de los peque\u00f1os.<\/p>\n\n\n\n<blockquote class=\"wp-block-quote is-layout-flow wp-block-quote-is-layout-flow\"><p>\u201c<em>El techo del domo se est\u00e1 cayendo, como padres hemos reparado hasta donde hemos podido, pero ya no nos es posible<\/em>\u201d.<\/p><\/blockquote>\n\n\n\n<p>La escuela se ubica en el Coyol y da servicio a trav\u00e9s de cuatro salones a cerca de 70 infantes.<\/p>\n\n\n\n<p>No cuenta con escrituras y por lo tanto no puede recibir inversiones. Por ello decidieron manifestarse y bloquear la avenida.<\/p>\n\n\n\n<blockquote class=\"wp-block-quote is-layout-flow wp-block-quote-is-layout-flow\"><p>\u201c<em>Los ni\u00f1os no pueden recibir clases de esta manera y aunque ya hemos metido oficios nadie nos hace caso y seguimos igual y ahorita est\u00e1 pronosticado norte y qu\u00e9 vamos hacer, c\u00f3mo vamos a tomar clases<\/em>\u201d.<\/p><\/blockquote>\n\n\n\n<p>Para presionar a las autoridades bloquearon la avenida JB Lobos esquina\u00a0 Vialidad.<\/p>\n","protected":false},"excerpt":{"rendered":"<p>Jes\u00fas Utrilla \/ NV Noticias Padres de familia del k\u00ednder Magisterio Veracruzano bloquearon la avenida JB Lobos para exigir escrituras, domo y pisos para dos salones. La presidenta del comit\u00e9 de padres de familia, Blanca Luisa Hern\u00e1ndez \u00c1vila, dijo que tambi\u00e9n necesitan una barda perimetral Sin embargo, dos de los cuatro salones no pueden ocuparse [&hellip;]<\/p>\n","protected":false},"author":8,"featured_media":76025,"comment_status":"open","ping_status":"open","sticky":false,"template":"","format":"standard","meta":{"_monsterinsights_skip_tracking":false,"_monsterinsights_sitenote_active":false,"_monsterinsights_sitenote_note":"","_monsterinsights_sitenote_category":0,"footnotes":""},"categories":[154],"tags":[1905,19687,13004],"class_list":["post-76024","post","type-post","status-publish","format-standard","has-post-thumbnail","hentry","category-veracruz","tag-bloqueo","tag-jb-lobos","tag-kinder","wp-image-borders"],"amp_enabled":true,"_links":{"self":[{"href":"https:\/\/nvnoticias.mx\/index.php\/wp-json\/wp\/v2\/posts\/76024","targetHints":{"allow":["GET"]}}],"collection":[{"href":"https:\/\/nvnoticias.mx\/index.php\/wp-json\/wp\/v2\/posts"}],"about":[{"href":"https:\/\/nvnoticias.mx\/index.php\/wp-json\/wp\/v2\/types\/post"}],"author":[{"embeddable":true,"href":"https:\/\/nvnoticias.mx\/index.php\/wp-json\/wp\/v2\/users\/8"}],"replies":[{"embeddable":true,"href":"https:\/\/nvnoticias.mx\/index.php\/wp-json\/wp\/v2\/comments?post=76024"}],"version-history":[{"count":1,"href":"https:\/\/nvnoticias.mx\/index.php\/wp-json\/wp\/v2\/posts\/76024\/revisions"}],"predecessor-version":[{"id":76026,"href":"https:\/\/nvnoticias.mx\/index.php\/wp-json\/wp\/v2\/posts\/76024\/revisions\/76026"}],"wp:featuredmedia":[{"embeddable":true,"href":"https:\/\/nvnoticias.mx\/index.php\/wp-json\/wp\/v2\/media\/76025"}],"wp:attachment":[{"href":"https:\/\/nvnoticias.mx\/index.php\/wp-json\/wp\/v2\/media?parent=76024"}],"wp:term":[{"taxonomy":"category","embeddable":true,"href":"https:\/\/nvnoticias.mx\/index.php\/wp-json\/wp\/v2\/categories?post=76024"},{"taxonomy":"post_tag","embeddable":true,"href":"https:\/\/nvnoticias.mx\/index.php\/wp-json\/wp\/v2\/tags?post=76024"}],"curies":[{"name":"wp","href":"https:\/\/api.w.org\/{rel}","templated":true}]}}