{"id":75966,"date":"2022-09-27T07:54:28","date_gmt":"2022-09-27T12:54:28","guid":{"rendered":"https:\/\/nvnoticias.mx\/?p=75966"},"modified":"2022-09-27T08:41:37","modified_gmt":"2022-09-27T13:41:37","slug":"estamos-rescatando-al-issste-pero-hay-resistencias-tremendas-amlo","status":"publish","type":"post","link":"https:\/\/nvnoticias.mx\/index.php\/2022\/09\/27\/estamos-rescatando-al-issste-pero-hay-resistencias-tremendas-amlo\/","title":{"rendered":"Estamos rescatando al ISSSTE pero hay resistencias tremendas: AMLO"},"content":{"rendered":"\n<p>El&nbsp;<strong>presidente Andr\u00e9s Manuel L\u00f3pez Obrador<\/strong>&nbsp;asegur\u00f3 su administraci\u00f3n tendr\u00e1 \u201ctache\u201d si no logra el fortalecimiento del&nbsp;<strong>Sistema de Salud P\u00fablica<\/strong>,con buenos hospitales, m\u00e9dicos generales, especialistas, medicinas y que sea universal u gratuito.<\/p>\n\n\n\n<blockquote class=\"wp-block-quote is-layout-flow wp-block-quote-is-layout-flow\"><p>\u201cSi no lo logramos vamos a tener techa, esto es un compromiso y es algo a lo que nos estamos dedicando en material de salud\u201d.<\/p><\/blockquote>\n\n\n\n<p>El mandatario indic\u00f3 que en gobiernos pasados se intent\u00f3 destruir el sistema de salud p\u00fablica para privatizar este servicio, lo que ha provocado que en la actualidad haya un d\u00e9ficit de m\u00e9dicos, y exista desabasto de medicamentos. Por ello, sostuvo que su administraci\u00f3n est\u00e1 trabajando para rescatar al Instituto de Seguridad y Servicios Sociales de los Trabajadores del Estado (ISSSTE).<\/p>\n\n\n\n<blockquote class=\"wp-block-quote is-layout-flow wp-block-quote-is-layout-flow\"><p>\u201cAhora estamos limpiando el ISSSTE, est\u00e1n sacando hasta planas de protesta porque los antiguos funcionarios del ISSSTE eran los principales proveedores de los servicios, lo dejaron como un cascar\u00f3n, estaba por completo privatizado\u201d, dijo.<\/p><\/blockquote>\n\n\n\n<p>Fuente: <a href=\"https:\/\/www.milenio.com\/politica\/amlo-temas-conferencia-mananera-27-septiembre-2022\" data-type=\"URL\" data-id=\"https:\/\/www.milenio.com\/politica\/amlo-temas-conferencia-mananera-27-septiembre-2022\">Milenio<\/a><\/p>\n","protected":false},"excerpt":{"rendered":"<p>El&nbsp;presidente Andr\u00e9s Manuel L\u00f3pez Obrador&nbsp;asegur\u00f3 su administraci\u00f3n tendr\u00e1 \u201ctache\u201d si no logra el fortalecimiento del&nbsp;Sistema de Salud P\u00fablica,con buenos hospitales, m\u00e9dicos generales, especialistas, medicinas y que sea universal u gratuito. \u201cSi no lo logramos vamos a tener techa, esto es un compromiso y es algo a lo que nos estamos dedicando en material de salud\u201d. [&hellip;]<\/p>\n","protected":false},"author":35,"featured_media":59957,"comment_status":"open","ping_status":"open","sticky":false,"template":"","format":"standard","meta":{"_monsterinsights_skip_tracking":false,"_monsterinsights_sitenote_active":false,"_monsterinsights_sitenote_note":"","_monsterinsights_sitenote_category":0,"footnotes":""},"categories":[157],"tags":[188,1066,162,19667,19665,19666],"class_list":["post-75966","post","type-post","status-publish","format-standard","has-post-thumbnail","hentry","category-nacional","tag-amlo","tag-issste","tag-portada","tag-rescatando","tag-resistencias","tag-tremendas","wp-image-borders"],"amp_enabled":true,"_links":{"self":[{"href":"https:\/\/nvnoticias.mx\/index.php\/wp-json\/wp\/v2\/posts\/75966","targetHints":{"allow":["GET"]}}],"collection":[{"href":"https:\/\/nvnoticias.mx\/index.php\/wp-json\/wp\/v2\/posts"}],"about":[{"href":"https:\/\/nvnoticias.mx\/index.php\/wp-json\/wp\/v2\/types\/post"}],"author":[{"embeddable":true,"href":"https:\/\/nvnoticias.mx\/index.php\/wp-json\/wp\/v2\/users\/35"}],"replies":[{"embeddable":true,"href":"https:\/\/nvnoticias.mx\/index.php\/wp-json\/wp\/v2\/comments?post=75966"}],"version-history":[{"count":3,"href":"https:\/\/nvnoticias.mx\/index.php\/wp-json\/wp\/v2\/posts\/75966\/revisions"}],"predecessor-version":[{"id":75981,"href":"https:\/\/nvnoticias.mx\/index.php\/wp-json\/wp\/v2\/posts\/75966\/revisions\/75981"}],"wp:featuredmedia":[{"embeddable":true,"href":"https:\/\/nvnoticias.mx\/index.php\/wp-json\/wp\/v2\/media\/59957"}],"wp:attachment":[{"href":"https:\/\/nvnoticias.mx\/index.php\/wp-json\/wp\/v2\/media?parent=75966"}],"wp:term":[{"taxonomy":"category","embeddable":true,"href":"https:\/\/nvnoticias.mx\/index.php\/wp-json\/wp\/v2\/categories?post=75966"},{"taxonomy":"post_tag","embeddable":true,"href":"https:\/\/nvnoticias.mx\/index.php\/wp-json\/wp\/v2\/tags?post=75966"}],"curies":[{"name":"wp","href":"https:\/\/api.w.org\/{rel}","templated":true}]}}