{"id":75872,"date":"2022-09-26T15:22:26","date_gmt":"2022-09-26T20:22:26","guid":{"rendered":"https:\/\/nvnoticias.mx\/?p=75872"},"modified":"2022-09-26T15:22:27","modified_gmt":"2022-09-26T20:22:27","slug":"la-mexicana-guadalupe-quintal-se-corona-en-la-serie-mundial-a-de-karate-en-turquia","status":"publish","type":"post","link":"https:\/\/nvnoticias.mx\/index.php\/2022\/09\/26\/la-mexicana-guadalupe-quintal-se-corona-en-la-serie-mundial-a-de-karate-en-turquia\/","title":{"rendered":"La mexicana Guadalupe Quintal se corona en la Serie Mundial A de Karate en Turqu\u00eda"},"content":{"rendered":"\n<p>La mexicana\u00a0Guadalupe Quintal Catzin, conquist\u00f3 este domingo la medalla de oro en la\u00a0Serie Mundial A de Karate-Kumite\u00a0que se realiz\u00f3 en Turqu\u00eda.<\/p>\n\n\n\n<p>La deportista nacida en Yucat\u00e1n, quien se encuentra en preparaci\u00f3n para los\u00a0Juegos Centroamericanos y del Caribe San Salvador 2023, logr\u00f3 el campeonato al vencer en un vibrante combate a la local\u00a0Nur Kasatura\u00a0en la divisi\u00f3n de m\u00e1s de 68 kilogramos.\u00a0<\/p>\n\n\n\n<blockquote class=\"wp-block-quote is-layout-flow wp-block-quote-is-layout-flow\"><p>\u201c<em>Estoy muy feliz, fue una jornada larga desde el inicio en donde tuve cinco largos combates que logr\u00e9 ganar para llegar a la final<\/em>\u201d, mencion\u00f3 la deportista a la Comisi\u00f3n Nacional de Cultura F\u00edsica y Deporte.<\/p><\/blockquote>\n\n\n\n<p>Quintal Catzin inici\u00f3 su camino a la medalla superando en su primer duelo a Sure Nemli por 3-2, luego venci\u00f3 a la inglesa Rochelle Walters por 9-4.&nbsp;<\/p>\n\n\n\n<p>En la recta final enfrent\u00f3 y super\u00f3 en el tatami a Fatma Uygur, a la egipcia Dina Mostafa y la francesa Emma Coranson.\u00a0<\/p>\n\n\n\n<blockquote class=\"wp-block-quote is-layout-flow wp-block-quote-is-layout-flow\"><p>\u201c<em>Al principio me cost\u00f3 un poco agarrar mi ritmo, pero poco a poco fui corrigiendo y haciendo mi combate. Sin duda, disfrut\u00e9 mucho cada ronda y eso fue lo que hice<\/em>\u201d, finaliz\u00f3.<\/p><\/blockquote>\n\n\n\n<p>Fuente: <a href=\"https:\/\/www.eluniversal.com.mx\/universal-deportes\/la-mexicana-guadalupe-quintal-se-corona-en-la-serie-mundial-de-karate-en-turquia\">El Universal<\/a><\/p>\n","protected":false},"excerpt":{"rendered":"<p>La mexicana\u00a0Guadalupe Quintal Catzin, conquist\u00f3 este domingo la medalla de oro en la\u00a0Serie Mundial A de Karate-Kumite\u00a0que se realiz\u00f3 en Turqu\u00eda. La deportista nacida en Yucat\u00e1n, quien se encuentra en preparaci\u00f3n para los\u00a0Juegos Centroamericanos y del Caribe San Salvador 2023, logr\u00f3 el campeonato al vencer en un vibrante combate a la local\u00a0Nur Kasatura\u00a0en la divisi\u00f3n [&hellip;]<\/p>\n","protected":false},"author":8,"featured_media":75873,"comment_status":"open","ping_status":"open","sticky":false,"template":"","format":"standard","meta":{"_monsterinsights_skip_tracking":false,"_monsterinsights_sitenote_active":false,"_monsterinsights_sitenote_note":"","_monsterinsights_sitenote_category":0,"footnotes":""},"categories":[159],"tags":[19641,16596,18477,6920],"class_list":["post-75872","post","type-post","status-publish","format-standard","has-post-thumbnail","hentry","category-deportes","tag-guadalupe-quintal","tag-karate","tag-medalla-de-oro","tag-serie-mundial","wp-image-borders"],"amp_enabled":true,"_links":{"self":[{"href":"https:\/\/nvnoticias.mx\/index.php\/wp-json\/wp\/v2\/posts\/75872","targetHints":{"allow":["GET"]}}],"collection":[{"href":"https:\/\/nvnoticias.mx\/index.php\/wp-json\/wp\/v2\/posts"}],"about":[{"href":"https:\/\/nvnoticias.mx\/index.php\/wp-json\/wp\/v2\/types\/post"}],"author":[{"embeddable":true,"href":"https:\/\/nvnoticias.mx\/index.php\/wp-json\/wp\/v2\/users\/8"}],"replies":[{"embeddable":true,"href":"https:\/\/nvnoticias.mx\/index.php\/wp-json\/wp\/v2\/comments?post=75872"}],"version-history":[{"count":1,"href":"https:\/\/nvnoticias.mx\/index.php\/wp-json\/wp\/v2\/posts\/75872\/revisions"}],"predecessor-version":[{"id":75874,"href":"https:\/\/nvnoticias.mx\/index.php\/wp-json\/wp\/v2\/posts\/75872\/revisions\/75874"}],"wp:featuredmedia":[{"embeddable":true,"href":"https:\/\/nvnoticias.mx\/index.php\/wp-json\/wp\/v2\/media\/75873"}],"wp:attachment":[{"href":"https:\/\/nvnoticias.mx\/index.php\/wp-json\/wp\/v2\/media?parent=75872"}],"wp:term":[{"taxonomy":"category","embeddable":true,"href":"https:\/\/nvnoticias.mx\/index.php\/wp-json\/wp\/v2\/categories?post=75872"},{"taxonomy":"post_tag","embeddable":true,"href":"https:\/\/nvnoticias.mx\/index.php\/wp-json\/wp\/v2\/tags?post=75872"}],"curies":[{"name":"wp","href":"https:\/\/api.w.org\/{rel}","templated":true}]}}