{"id":75869,"date":"2022-09-26T14:50:08","date_gmt":"2022-09-26T19:50:08","guid":{"rendered":"https:\/\/nvnoticias.mx\/?p=75869"},"modified":"2022-09-26T14:50:13","modified_gmt":"2022-09-26T19:50:13","slug":"responde-mario-delgado-sobre-peticion-de-creel-a-amlo-para-que-respete-poderes","status":"publish","type":"post","link":"https:\/\/nvnoticias.mx\/index.php\/2022\/09\/26\/responde-mario-delgado-sobre-peticion-de-creel-a-amlo-para-que-respete-poderes\/","title":{"rendered":"Responde Mario Delgado sobre petici\u00f3n de Creel a AMLO para que respete poderes"},"content":{"rendered":"\n<p>El dirigente de\u00a0<strong>Morena<\/strong>,\u00a0<strong>Mario Delgado<\/strong>, calific\u00f3 como &#8220;una desfachatez&#8221; el video del presidente de la C\u00e1mara de Diputados,\u00a0<strong>Santiago Creel<\/strong>, en el que hace un llamado a\u00a0<strong>respetar la divisi\u00f3n de poderes<\/strong>\u00a0ante la discusi\u00f3n de la reforma para mantener al Ej\u00e9rcito en las calles.<\/p>\n\n\n\n<p>En conferencia de prensa, Delgado dijo que los diputados podr\u00edan aplicar una &#8220;moci\u00f3n de censura&#8221; o hacer un llamado al diputado del PAN por no conducirse de manera institucional.<\/p>\n\n\n\n<blockquote class=\"wp-block-quote is-layout-flow wp-block-quote-is-layout-flow\"><p>&#8220;Es claramente una mentira lo que est\u00e1 diciendo el se\u00f1or Santiago Creel, lo ha dicho siempre el Presidente, que la hipocres\u00eda, pues es la verdadera doctrina de la derecha y los conservadores&#8221;, manifest\u00f3.<\/p><\/blockquote>\n\n\n\n<blockquote class=\"wp-block-quote is-layout-flow wp-block-quote-is-layout-flow\"><p>&#8220;Es mucha hipocres\u00eda que desde la C\u00e1mara se opongan a que el Ej\u00e9rcito contribuya al fortalecimiento de la Guardia Nacional. Y por otro lado, en los estados que gobiernan, pues solicitan de manera permanente la presencia de la Guardia Nacional&#8221;, record\u00f3 el dirigente de Morena.<\/p><\/blockquote>\n\n\n\n<p>El dirigente nacional de Morena sostuvo que en el movimiento est\u00e1n listos para apoyar la consulta propuesta por el presidente\u00a0<strong>Andr\u00e9s Manuel L\u00f3pez Obrador<\/strong>.<\/p>\n\n\n\n<blockquote class=\"wp-block-quote is-layout-flow wp-block-quote-is-layout-flow\"><p>&#8220;Podemos tambi\u00e9n lograr una movilizaci\u00f3n muy importante, para que la gente se entere de qu\u00e9 est\u00e1 haciendo la oposici\u00f3n y que es lo que propone nuestro\u00a0presidente, ah\u00ed vamos a estar como fuerza pol\u00edtica o como ciudadanos, como simpatizantes de este gran Movimiento&#8221;, apunt\u00f3.<\/p><\/blockquote>\n\n\n\n<p>Fuente: <a href=\"https:\/\/www.eluniversal.com.mx\/nacion\/una-desfachatez-dice-mario-delgado-sobre-peticion-de-creel-amlo-para-que-respete-poderes\" data-type=\"URL\" data-id=\"https:\/\/www.eluniversal.com.mx\/nacion\/una-desfachatez-dice-mario-delgado-sobre-peticion-de-creel-amlo-para-que-respete-poderes\">El Universal<\/a><\/p>\n","protected":false},"excerpt":{"rendered":"<p>El dirigente de\u00a0Morena,\u00a0Mario Delgado, calific\u00f3 como &#8220;una desfachatez&#8221; el video del presidente de la C\u00e1mara de Diputados,\u00a0Santiago Creel, en el que hace un llamado a\u00a0respetar la divisi\u00f3n de poderes\u00a0ante la discusi\u00f3n de la reforma para mantener al Ej\u00e9rcito en las calles. En conferencia de prensa, Delgado dijo que los diputados podr\u00edan aplicar una &#8220;moci\u00f3n de [&hellip;]<\/p>\n","protected":false},"author":35,"featured_media":21471,"comment_status":"open","ping_status":"open","sticky":false,"template":"","format":"standard","meta":{"_monsterinsights_skip_tracking":false,"_monsterinsights_sitenote_active":false,"_monsterinsights_sitenote_note":"","_monsterinsights_sitenote_category":0,"footnotes":""},"categories":[158],"tags":[549,8520,19626,19640,9477,1047],"class_list":["post-75869","post","type-post","status-publish","format-standard","has-post-thumbnail","hentry","category-politica","tag-mario-delgado","tag-peticion","tag-poderes","tag-respete","tag-responde","tag-santiago-creel","wp-image-borders"],"amp_enabled":true,"_links":{"self":[{"href":"https:\/\/nvnoticias.mx\/index.php\/wp-json\/wp\/v2\/posts\/75869","targetHints":{"allow":["GET"]}}],"collection":[{"href":"https:\/\/nvnoticias.mx\/index.php\/wp-json\/wp\/v2\/posts"}],"about":[{"href":"https:\/\/nvnoticias.mx\/index.php\/wp-json\/wp\/v2\/types\/post"}],"author":[{"embeddable":true,"href":"https:\/\/nvnoticias.mx\/index.php\/wp-json\/wp\/v2\/users\/35"}],"replies":[{"embeddable":true,"href":"https:\/\/nvnoticias.mx\/index.php\/wp-json\/wp\/v2\/comments?post=75869"}],"version-history":[{"count":1,"href":"https:\/\/nvnoticias.mx\/index.php\/wp-json\/wp\/v2\/posts\/75869\/revisions"}],"predecessor-version":[{"id":75870,"href":"https:\/\/nvnoticias.mx\/index.php\/wp-json\/wp\/v2\/posts\/75869\/revisions\/75870"}],"wp:featuredmedia":[{"embeddable":true,"href":"https:\/\/nvnoticias.mx\/index.php\/wp-json\/wp\/v2\/media\/21471"}],"wp:attachment":[{"href":"https:\/\/nvnoticias.mx\/index.php\/wp-json\/wp\/v2\/media?parent=75869"}],"wp:term":[{"taxonomy":"category","embeddable":true,"href":"https:\/\/nvnoticias.mx\/index.php\/wp-json\/wp\/v2\/categories?post=75869"},{"taxonomy":"post_tag","embeddable":true,"href":"https:\/\/nvnoticias.mx\/index.php\/wp-json\/wp\/v2\/tags?post=75869"}],"curies":[{"name":"wp","href":"https:\/\/api.w.org\/{rel}","templated":true}]}}