{"id":75824,"date":"2022-09-26T13:23:25","date_gmt":"2022-09-26T18:23:25","guid":{"rendered":"https:\/\/nvnoticias.mx\/?p=75824"},"modified":"2022-09-26T13:23:25","modified_gmt":"2022-09-26T18:23:25","slug":"para-2050-ya-no-habra-arrecifes-coralinos-en-el-mundo","status":"publish","type":"post","link":"https:\/\/nvnoticias.mx\/index.php\/2022\/09\/26\/para-2050-ya-no-habra-arrecifes-coralinos-en-el-mundo\/","title":{"rendered":"Para 2050 ya no habr\u00e1 arrecifes coralinos en el mundo"},"content":{"rendered":"\n<p><strong>Jes\u00fas Utrilla \/ NV Noticias<\/strong><\/p>\n\n\n\n<p>Para 2050 ya no habr\u00e1 arrecifes coralinos y Veracruz podr\u00eda ser considerado un refugio ante el cambio clim\u00e1tico.<\/p>\n\n\n\n<p>Guillermo Orta Puga, presidente de la Sociedad Mexicana de Arrecifes Coralinos, explic\u00f3 que existe un sistema de surgencia que ayudar\u00eda a disminuir la temperatura y contribuir\u00eda a que los arrecifes persistan, sin embargo, est\u00e1 en estudio.<\/p>\n\n\n\n<blockquote class=\"wp-block-quote is-layout-flow wp-block-quote-is-layout-flow\"><p>\u201c<em>Considerando las condiciones ambientales de Veracruz, temperaturas por arriba de los 30 grados del agua ser\u00eda riesgosa. Ser\u00eda lo mejor estar por abajo de 29 grados<\/em>\u201d.<\/p><\/blockquote>\n\n\n\n<p>Veracruz comparado con el caribe y otras regiones arrecifales se encuentra con alta cobertura en el fondo. Pero es baja comparada con hace 40 o 60 a\u00f1os.<\/p>\n\n\n\n<p>El experto admiti\u00f3 que afect\u00f3 la ampliaci\u00f3n del Puerto Veracruz, pero tambi\u00e9n la que se hizo desde principios del Siglo XX.<\/p>\n\n\n\n<blockquote class=\"wp-block-quote is-layout-flow wp-block-quote-is-layout-flow\"><p>\u201c<em>Si comparamos Veracruz con Veracruz hace algunos a\u00f1os la situaci\u00f3n es diferente. La ampliaci\u00f3n afect\u00f3 pero tambi\u00e9n la primera obra. Al cerrar el paso del canal del norte se detuvo el flujo de sedimentos y afect\u00f3 a los arrecifes de La Gallega y Punta Gorda<\/em>\u201d.<\/p><\/blockquote>\n\n\n\n<p>Aclar\u00f3 que la remediaci\u00f3n ambiental no es sencilla por lo que se debe dar prioridad a la prevenci\u00f3n.<\/p>\n","protected":false},"excerpt":{"rendered":"<p>Jes\u00fas Utrilla \/ NV Noticias Para 2050 ya no habr\u00e1 arrecifes coralinos y Veracruz podr\u00eda ser considerado un refugio ante el cambio clim\u00e1tico. Guillermo Orta Puga, presidente de la Sociedad Mexicana de Arrecifes Coralinos, explic\u00f3 que existe un sistema de surgencia que ayudar\u00eda a disminuir la temperatura y contribuir\u00eda a que los arrecifes persistan, sin [&hellip;]<\/p>\n","protected":false},"author":8,"featured_media":75825,"comment_status":"open","ping_status":"open","sticky":false,"template":"","format":"standard","meta":{"_monsterinsights_skip_tracking":false,"_monsterinsights_sitenote_active":false,"_monsterinsights_sitenote_note":"","_monsterinsights_sitenote_category":0,"footnotes":""},"categories":[154],"tags":[19632,19633],"class_list":["post-75824","post","type-post","status-publish","format-standard","has-post-thumbnail","hentry","category-veracruz","tag-19632","tag-arrecifes-coralinos","wp-image-borders"],"amp_enabled":true,"_links":{"self":[{"href":"https:\/\/nvnoticias.mx\/index.php\/wp-json\/wp\/v2\/posts\/75824","targetHints":{"allow":["GET"]}}],"collection":[{"href":"https:\/\/nvnoticias.mx\/index.php\/wp-json\/wp\/v2\/posts"}],"about":[{"href":"https:\/\/nvnoticias.mx\/index.php\/wp-json\/wp\/v2\/types\/post"}],"author":[{"embeddable":true,"href":"https:\/\/nvnoticias.mx\/index.php\/wp-json\/wp\/v2\/users\/8"}],"replies":[{"embeddable":true,"href":"https:\/\/nvnoticias.mx\/index.php\/wp-json\/wp\/v2\/comments?post=75824"}],"version-history":[{"count":1,"href":"https:\/\/nvnoticias.mx\/index.php\/wp-json\/wp\/v2\/posts\/75824\/revisions"}],"predecessor-version":[{"id":75826,"href":"https:\/\/nvnoticias.mx\/index.php\/wp-json\/wp\/v2\/posts\/75824\/revisions\/75826"}],"wp:featuredmedia":[{"embeddable":true,"href":"https:\/\/nvnoticias.mx\/index.php\/wp-json\/wp\/v2\/media\/75825"}],"wp:attachment":[{"href":"https:\/\/nvnoticias.mx\/index.php\/wp-json\/wp\/v2\/media?parent=75824"}],"wp:term":[{"taxonomy":"category","embeddable":true,"href":"https:\/\/nvnoticias.mx\/index.php\/wp-json\/wp\/v2\/categories?post=75824"},{"taxonomy":"post_tag","embeddable":true,"href":"https:\/\/nvnoticias.mx\/index.php\/wp-json\/wp\/v2\/tags?post=75824"}],"curies":[{"name":"wp","href":"https:\/\/api.w.org\/{rel}","templated":true}]}}