{"id":7575,"date":"2021-03-13T13:22:24","date_gmt":"2021-03-13T19:22:24","guid":{"rendered":"https:\/\/nvnoticias.mx\/?p=7575"},"modified":"2021-03-13T13:22:46","modified_gmt":"2021-03-13T19:22:46","slug":"lanzan-transportistas-campana-sobre-el-covid","status":"publish","type":"post","link":"https:\/\/nvnoticias.mx\/index.php\/2021\/03\/13\/lanzan-transportistas-campana-sobre-el-covid\/","title":{"rendered":"Lanzan transportistas campa\u00f1a de concientizaci\u00f3n sobre el COVID"},"content":{"rendered":"\n<p><strong>Jes\u00fas Utrilla \/ NV Noticias <\/strong><\/p>\n\n\n\n<p>Con la finalidad de contribuir a generar conciencia entre la sociedad referente a la pandemia del coronavirus, transportistas de todo el estado pusieron en marcha la Campa\u00f1a Cu\u00eddate t\u00fa, Me Cuido Yo y nos Cuidamos Todos.<\/p>\n\n\n\n<p>Carlos Sosa Madrazo, presidente nacional de la Confederaci\u00f3n del Transporte Multimodal, dijo que es importante no bajar la guardia y seguir con los protocolos que indic\u00f3 desde el inicio de la pandemia el sector salud.<\/p>\n\n\n\n<p>Record\u00f3 que se vivi\u00f3 un 2020 at\u00edpico pero los transportistas salieron adelante haciendo frente a la pandemia.<\/p>\n\n\n\n<p>Reconoci\u00f3 al gobierno por haber implementado campa\u00f1as de desinfecci\u00f3n de unidades, dem\u00e1s que distribuy\u00f3 cubrebocas, gel antibacterial y otros insumos entre los transportistas y usuarios para reducir la probabilidad de contagio de COVID-19.<\/p>\n\n\n\n<blockquote class=\"wp-block-quote is-layout-flow wp-block-quote-is-layout-flow\"><p>\u201cTenemos un gobierno honesto y honrado que ve por todos. Ha dado sanitizantes, desinfectando unidades, tener hospitales en la entidad listos. Se aplican vacunas. Por eso agradecemos al gobierno de Cuitl\u00e1huac Garc\u00eda y aqu\u00ed estamos para seguir apoyando en la pandemia. Le queremos agradecer tambi\u00e9n a los diputados. Gracias a la sensibilidad se modific\u00f3 la Ley del Transporte en sus Art\u00edculos 54 y 120\u201d.<\/p><\/blockquote>\n\n\n\n<p>Durante el evento entreg\u00f3 reconocimientos a Esteban Ram\u00edrez Zepeta, delegado de Morena en Veracruz y al diputado local del mismo partido, Juan Javier G\u00f3mez Cazar\u00edn.<\/p>\n","protected":false},"excerpt":{"rendered":"<p>Jes\u00fas Utrilla \/ NV Noticias Con la finalidad de contribuir a generar conciencia entre la sociedad referente a la pandemia del coronavirus, transportistas de todo el estado pusieron en marcha la Campa\u00f1a Cu\u00eddate t\u00fa, Me Cuido Yo y nos Cuidamos Todos. Carlos Sosa Madrazo, presidente nacional de la Confederaci\u00f3n del Transporte Multimodal, dijo que es [&hellip;]<\/p>\n","protected":false},"author":7,"featured_media":7576,"comment_status":"open","ping_status":"open","sticky":false,"template":"","format":"standard","meta":{"_monsterinsights_skip_tracking":false,"_monsterinsights_sitenote_active":false,"_monsterinsights_sitenote_note":"","_monsterinsights_sitenote_category":0,"footnotes":""},"categories":[154],"tags":[2233,359,175,318,709],"class_list":["post-7575","post","type-post","status-publish","format-standard","has-post-thumbnail","hentry","category-veracruz","tag-carlos-sosa-madrazo","tag-coronavirus","tag-covid-19","tag-pandemia","tag-transportistas","wp-image-borders"],"amp_enabled":true,"_links":{"self":[{"href":"https:\/\/nvnoticias.mx\/index.php\/wp-json\/wp\/v2\/posts\/7575","targetHints":{"allow":["GET"]}}],"collection":[{"href":"https:\/\/nvnoticias.mx\/index.php\/wp-json\/wp\/v2\/posts"}],"about":[{"href":"https:\/\/nvnoticias.mx\/index.php\/wp-json\/wp\/v2\/types\/post"}],"author":[{"embeddable":true,"href":"https:\/\/nvnoticias.mx\/index.php\/wp-json\/wp\/v2\/users\/7"}],"replies":[{"embeddable":true,"href":"https:\/\/nvnoticias.mx\/index.php\/wp-json\/wp\/v2\/comments?post=7575"}],"version-history":[{"count":1,"href":"https:\/\/nvnoticias.mx\/index.php\/wp-json\/wp\/v2\/posts\/7575\/revisions"}],"predecessor-version":[{"id":7577,"href":"https:\/\/nvnoticias.mx\/index.php\/wp-json\/wp\/v2\/posts\/7575\/revisions\/7577"}],"wp:featuredmedia":[{"embeddable":true,"href":"https:\/\/nvnoticias.mx\/index.php\/wp-json\/wp\/v2\/media\/7576"}],"wp:attachment":[{"href":"https:\/\/nvnoticias.mx\/index.php\/wp-json\/wp\/v2\/media?parent=7575"}],"wp:term":[{"taxonomy":"category","embeddable":true,"href":"https:\/\/nvnoticias.mx\/index.php\/wp-json\/wp\/v2\/categories?post=7575"},{"taxonomy":"post_tag","embeddable":true,"href":"https:\/\/nvnoticias.mx\/index.php\/wp-json\/wp\/v2\/tags?post=7575"}],"curies":[{"name":"wp","href":"https:\/\/api.w.org\/{rel}","templated":true}]}}