{"id":75682,"date":"2022-09-25T09:59:01","date_gmt":"2022-09-25T14:59:01","guid":{"rendered":"https:\/\/nvnoticias.mx\/?p=75682"},"modified":"2022-09-25T09:59:03","modified_gmt":"2022-09-25T14:59:03","slug":"acude-marcelo-ebrard-al-funeral-del-exprimer-ministro-de-japon","status":"publish","type":"post","link":"https:\/\/nvnoticias.mx\/index.php\/2022\/09\/25\/acude-marcelo-ebrard-al-funeral-del-exprimer-ministro-de-japon\/","title":{"rendered":"Acude Marcelo Ebrard al funeral del exprimer ministro de Jap\u00f3n"},"content":{"rendered":"\n<p>El canciller Marcelo Ebrard asiste al funeral de Estado de Shinz\u014d Abe, exprimer ministro de Jap\u00f3n.<\/p>\n\n\n\n<figure class=\"wp-block-embed is-type-rich is-provider-twitter wp-block-embed-twitter\"><div class=\"wp-block-embed__wrapper\">\n<blockquote class=\"twitter-tweet\" data-width=\"550\" data-dnt=\"true\"><p lang=\"es\" dir=\"ltr\">Llegando a Tokio para acompa\u00f1ar al pueblo y gobierno del Jap\u00f3n en el Funeral de Estado de Shinz\u014d Abe , ex-primer ministro de ese pa\u00eds amigo de M\u00e9xico.Respetado interlocutor, siempre estuvo atento a los puntos de vista de nuestro pa\u00eds en el G20. Descanse en paz. <a href=\"https:\/\/t.co\/AifcSt3VaJ\">pic.twitter.com\/AifcSt3VaJ<\/a><\/p>&mdash; Marcelo Ebrard C. (@m_ebrard) <a href=\"https:\/\/twitter.com\/m_ebrard\/status\/1574015079602827264?ref_src=twsrc%5Etfw\">September 25, 2022<\/a><\/blockquote><script async src=\"https:\/\/platform.twitter.com\/widgets.js\" charset=\"utf-8\"><\/script>\n<\/div><\/figure>\n\n\n\n<p>El canciller tambi\u00e9n asisti\u00f3, hace unos d\u00edas, al\u00a0funeral de la Reina Isabel II, donde fue criticado al posar en una foto al lado de su esposa,\u00a0Rosalinda Bueso, acto que fue criticado por usuarios en redes sociales quienes se\u00f1alaron dicha publicaci\u00f3n como una falta de respeto al suceso.<\/p>\n\n\n\n<h3 class=\"wp-block-heading\">Funeral de Shinz\u014d Abe, tema delicado en Jap\u00f3n<\/h3>\n\n\n\n<p>El funeral de estado de Abe el martes es&nbsp;un tema delicado&nbsp;en Jap\u00f3n, donde tales memoriales son poco comunes y el legado del difunto l\u00edder sigue en disputa.&nbsp;<\/p>\n\n\n\n<p>Abe, un nacionalista conservador en un pa\u00eds que abraz\u00f3 el pacifismo despu\u00e9s de la Segunda Guerra Mundial,&nbsp;fue asesinado&nbsp;con un arma de fuego casera hace casi tres meses.<\/p>\n\n\n\n<p>El sospechoso del asesinato de Abe culp\u00f3 a la Iglesia de la Unificaci\u00f3n por arruinar su vida, y la polic\u00eda dice que atac\u00f3 a Abe por sus v\u00ednculos con la organizaci\u00f3n.<\/p>\n\n\n\n<p>Protestas y marchas que se oponen al funeral de estado han estado surgiendo en todo el pa\u00eds, atrayendo a cientos de personas.\u00a0A principios de esta semana, un hombre se prendi\u00f3\u00a0fuego\u00a0en la residencia del primer ministro en lo que se describi\u00f3 como un intento de suicidio en aparente protesta por el funeral.<\/p>\n\n\n\n<p>Fuente: <a href=\"https:\/\/www.eluniversal.com.mx\/nacion\/marcelo-ebrard-acude-al-funeral-de-shinzo-abe-exprimer-ministro-de-japon\">El Universal<\/a><\/p>\n","protected":false},"excerpt":{"rendered":"<p>El canciller Marcelo Ebrard asiste al funeral de Estado de Shinz\u014d Abe, exprimer ministro de Jap\u00f3n. El canciller tambi\u00e9n asisti\u00f3, hace unos d\u00edas, al\u00a0funeral de la Reina Isabel II, donde fue criticado al posar en una foto al lado de su esposa,\u00a0Rosalinda Bueso, acto que fue criticado por usuarios en redes sociales quienes se\u00f1alaron dicha [&hellip;]<\/p>\n","protected":false},"author":6,"featured_media":75683,"comment_status":"open","ping_status":"open","sticky":false,"template":"","format":"standard","meta":{"_monsterinsights_skip_tracking":false,"_monsterinsights_sitenote_active":false,"_monsterinsights_sitenote_note":"","_monsterinsights_sitenote_category":0,"footnotes":""},"categories":[157],"tags":[644,391],"class_list":["post-75682","post","type-post","status-publish","format-standard","has-post-thumbnail","hentry","category-nacional","tag-japon","tag-marcelo-ebrard","wp-image-borders"],"amp_enabled":true,"_links":{"self":[{"href":"https:\/\/nvnoticias.mx\/index.php\/wp-json\/wp\/v2\/posts\/75682","targetHints":{"allow":["GET"]}}],"collection":[{"href":"https:\/\/nvnoticias.mx\/index.php\/wp-json\/wp\/v2\/posts"}],"about":[{"href":"https:\/\/nvnoticias.mx\/index.php\/wp-json\/wp\/v2\/types\/post"}],"author":[{"embeddable":true,"href":"https:\/\/nvnoticias.mx\/index.php\/wp-json\/wp\/v2\/users\/6"}],"replies":[{"embeddable":true,"href":"https:\/\/nvnoticias.mx\/index.php\/wp-json\/wp\/v2\/comments?post=75682"}],"version-history":[{"count":1,"href":"https:\/\/nvnoticias.mx\/index.php\/wp-json\/wp\/v2\/posts\/75682\/revisions"}],"predecessor-version":[{"id":75684,"href":"https:\/\/nvnoticias.mx\/index.php\/wp-json\/wp\/v2\/posts\/75682\/revisions\/75684"}],"wp:featuredmedia":[{"embeddable":true,"href":"https:\/\/nvnoticias.mx\/index.php\/wp-json\/wp\/v2\/media\/75683"}],"wp:attachment":[{"href":"https:\/\/nvnoticias.mx\/index.php\/wp-json\/wp\/v2\/media?parent=75682"}],"wp:term":[{"taxonomy":"category","embeddable":true,"href":"https:\/\/nvnoticias.mx\/index.php\/wp-json\/wp\/v2\/categories?post=75682"},{"taxonomy":"post_tag","embeddable":true,"href":"https:\/\/nvnoticias.mx\/index.php\/wp-json\/wp\/v2\/tags?post=75682"}],"curies":[{"name":"wp","href":"https:\/\/api.w.org\/{rel}","templated":true}]}}