{"id":75654,"date":"2022-09-24T21:26:01","date_gmt":"2022-09-25T02:26:01","guid":{"rendered":"https:\/\/nvnoticias.mx\/?p=75654"},"modified":"2022-09-24T21:26:03","modified_gmt":"2022-09-25T02:26:03","slug":"corea-del-norte-lanza-misil-balistico-a-mar-de-japon","status":"publish","type":"post","link":"https:\/\/nvnoticias.mx\/index.php\/2022\/09\/24\/corea-del-norte-lanza-misil-balistico-a-mar-de-japon\/","title":{"rendered":"Corea del Norte lanza misil bal\u00edstico a mar de Jap\u00f3n"},"content":{"rendered":"\n<p>Corea del Norte dispar\u00f3 el domingo un misil bal\u00edstico no especificado hacia la costa oriental, asegur\u00f3 el Estado Mayor Conjunto de Corea del Sur. <\/p>\n\n\n\n<p>Por su parte, medios de Jap\u00f3n reportaron que un misil\u00a0no identificado cay\u00f3 cerca del mar nip\u00f3n. <\/p>\n\n\n\n<p>La Oficina del primer ministro de Jap\u00f3n indic\u00f3 a trav\u00e9s de Twitter que &#8220;Corea del Norte ha lanzado un presunto misil bal\u00edstico&#8221;. <\/p>\n\n\n\n<figure class=\"wp-block-embed aligncenter is-type-rich is-provider-twitter wp-block-embed-twitter\"><div class=\"wp-block-embed__wrapper\">\n<blockquote class=\"twitter-tweet\" data-width=\"550\" data-dnt=\"true\"><p lang=\"en\" dir=\"ltr\">North Korea has launched a suspected ballistic missile. More updates to follow.<\/p>&mdash; PM&#39;s Office of Japan (@JPN_PMO) <a href=\"https:\/\/twitter.com\/JPN_PMO\/status\/1573798710995484672?ref_src=twsrc%5Etfw\">September 24, 2022<\/a><\/blockquote><script async src=\"https:\/\/platform.twitter.com\/widgets.js\" charset=\"utf-8\"><\/script>\n<\/div><\/figure>\n\n\n\n<p>El lanzamiento ocurre en medio de informes de que Pyongyang se estar\u00eda preparando para lanzar un misil bal\u00edstico desde un submarino. <\/p>\n\n\n\n<p>La guardia costera japonesa tambi\u00e9n confirm\u00f3 el posible lanzamiento de misil, citando informaci\u00f3n del ministerio de Defensa de Tokio, y pidi\u00f3 a los barcos en la zona mantenerse atentos. <\/p>\n\n\n\n<p>La televisi\u00f3n p\u00fablica japonesa indic\u00f3 que el objeto pareci\u00f3 haber ca\u00eddo fuera de la zona de exclusi\u00f3n econ\u00f3mica de Jap\u00f3n. <\/p>\n\n\n\n<p>Fuente: <a href=\"https:\/\/www.milenio.com\/internacional\/corea-norte-lanza-misil-balistico-costa-oriental\">Milenio<\/a><\/p>\n","protected":false},"excerpt":{"rendered":"<p>Corea del Norte dispar\u00f3 el domingo un misil bal\u00edstico no especificado hacia la costa oriental, asegur\u00f3 el Estado Mayor Conjunto de Corea del Sur. Por su parte, medios de Jap\u00f3n reportaron que un misil\u00a0no identificado cay\u00f3 cerca del mar nip\u00f3n. La Oficina del primer ministro de Jap\u00f3n indic\u00f3 a trav\u00e9s de Twitter que &#8220;Corea del [&hellip;]<\/p>\n","protected":false},"author":8,"featured_media":75655,"comment_status":"open","ping_status":"open","sticky":false,"template":"","format":"standard","meta":{"_monsterinsights_skip_tracking":false,"_monsterinsights_sitenote_active":false,"_monsterinsights_sitenote_note":"","_monsterinsights_sitenote_category":0,"footnotes":""},"categories":[181],"tags":[2826,644,8496],"class_list":["post-75654","post","type-post","status-publish","format-standard","has-post-thumbnail","hentry","category-internacional","tag-corea-del-norte","tag-japon","tag-misil-balistico","wp-image-borders"],"amp_enabled":true,"_links":{"self":[{"href":"https:\/\/nvnoticias.mx\/index.php\/wp-json\/wp\/v2\/posts\/75654","targetHints":{"allow":["GET"]}}],"collection":[{"href":"https:\/\/nvnoticias.mx\/index.php\/wp-json\/wp\/v2\/posts"}],"about":[{"href":"https:\/\/nvnoticias.mx\/index.php\/wp-json\/wp\/v2\/types\/post"}],"author":[{"embeddable":true,"href":"https:\/\/nvnoticias.mx\/index.php\/wp-json\/wp\/v2\/users\/8"}],"replies":[{"embeddable":true,"href":"https:\/\/nvnoticias.mx\/index.php\/wp-json\/wp\/v2\/comments?post=75654"}],"version-history":[{"count":1,"href":"https:\/\/nvnoticias.mx\/index.php\/wp-json\/wp\/v2\/posts\/75654\/revisions"}],"predecessor-version":[{"id":75656,"href":"https:\/\/nvnoticias.mx\/index.php\/wp-json\/wp\/v2\/posts\/75654\/revisions\/75656"}],"wp:featuredmedia":[{"embeddable":true,"href":"https:\/\/nvnoticias.mx\/index.php\/wp-json\/wp\/v2\/media\/75655"}],"wp:attachment":[{"href":"https:\/\/nvnoticias.mx\/index.php\/wp-json\/wp\/v2\/media?parent=75654"}],"wp:term":[{"taxonomy":"category","embeddable":true,"href":"https:\/\/nvnoticias.mx\/index.php\/wp-json\/wp\/v2\/categories?post=75654"},{"taxonomy":"post_tag","embeddable":true,"href":"https:\/\/nvnoticias.mx\/index.php\/wp-json\/wp\/v2\/tags?post=75654"}],"curies":[{"name":"wp","href":"https:\/\/api.w.org\/{rel}","templated":true}]}}