{"id":75626,"date":"2022-09-24T16:40:33","date_gmt":"2022-09-24T21:40:33","guid":{"rendered":"https:\/\/nvnoticias.mx\/?p=75626"},"modified":"2022-09-24T16:40:34","modified_gmt":"2022-09-24T21:40:34","slug":"ed-sheeran-anuncia-cancion-junto-a-pokemon","status":"publish","type":"post","link":"https:\/\/nvnoticias.mx\/index.php\/2022\/09\/24\/ed-sheeran-anuncia-cancion-junto-a-pokemon\/","title":{"rendered":"Ed Sheeran anuncia canci\u00f3n junto a &#8216;Pok\u00e9mon&#8217;"},"content":{"rendered":"\n<p>El reconocido y famoso m\u00fasico Ed Sheeran est\u00e1 listo para lanzar una nueva canci\u00f3n llamada Celestial en colaboraci\u00f3n con la caricatura Pok\u00e9mon. <\/p>\n\n\n\n<blockquote class=\"wp-block-quote is-layout-flow wp-block-quote-is-layout-flow\"><p>&#8220;<em>Para celebrar la nueva canci\u00f3n con Pok\u00e9mon, Celestial, tengo un nuevo tatuaje<\/em>&#8220;, dijo Sheeran en un video de anuncio, que presenta un breve fragmento del pr\u00f3ximo sencillo. Luego revel\u00f3 un nuevo entintado de Squirtle en su brazo. <\/p><\/blockquote>\n\n\n\n<p>Sheeran tambi\u00e9n ha compartido la portada oficial de Celestial, una imagen animada de s\u00ed mismo con Pikachu en su hombro. <\/p>\n\n\n\n<figure class=\"wp-block-embed aligncenter is-type-rich is-provider-twitter wp-block-embed-twitter\"><div class=\"wp-block-embed__wrapper\">\n<blockquote class=\"twitter-tweet\" data-width=\"550\" data-dnt=\"true\"><p lang=\"en\" dir=\"ltr\">Ed x <a href=\"https:\/\/twitter.com\/Pokemon?ref_src=twsrc%5Etfw\">@pokemon<\/a> collaboration confirmed, we love to see it! \u2018Celestial\u2019 will be out September 29th \u2728 <a href=\"https:\/\/t.co\/rKOG5Thot1\">https:\/\/t.co\/rKOG5Thot1<\/a> <a href=\"https:\/\/t.co\/FzHJj7YO5k\">pic.twitter.com\/FzHJj7YO5k<\/a><\/p>&mdash; Ed Sheeran HQ (@edsheeran) <a href=\"https:\/\/twitter.com\/edsheeran\/status\/1572965955004932108?ref_src=twsrc%5Etfw\">September 22, 2022<\/a><\/blockquote><script async src=\"https:\/\/platform.twitter.com\/widgets.js\" charset=\"utf-8\"><\/script>\n<\/div><\/figure>\n\n\n\n<p>El m\u00fasico continu\u00f3 diciendo que la serie le dio &#8220;un escape adecuado cuando era ni\u00f1o a un mundo de fantas\u00eda&#8221;, y agreg\u00f3: &#8220;En la vida adulta es la nostalgia lo que me hace sentir como un ni\u00f1o de nuevo&#8221;. <\/p>\n\n\n\n<p>En noviembre pasado, Sheeran realiz\u00f3 un set especial en vivo dentro de Pok\u00e9mon Go poco despu\u00e9s del lanzamiento de su cuarto y m\u00e1s reciente \u00e1lbum. <\/p>\n\n\n\n<p>Fuente: <a href=\"https:\/\/www.milenio.com\/espectaculos\/espectaculos\/ed-sheeran-y-pokemon-anuncian-cancion\">Milenio<\/a><\/p>\n","protected":false},"excerpt":{"rendered":"<p>El reconocido y famoso m\u00fasico Ed Sheeran est\u00e1 listo para lanzar una nueva canci\u00f3n llamada Celestial en colaboraci\u00f3n con la caricatura Pok\u00e9mon. &#8220;Para celebrar la nueva canci\u00f3n con Pok\u00e9mon, Celestial, tengo un nuevo tatuaje&#8220;, dijo Sheeran en un video de anuncio, que presenta un breve fragmento del pr\u00f3ximo sencillo. Luego revel\u00f3 un nuevo entintado de [&hellip;]<\/p>\n","protected":false},"author":8,"featured_media":75627,"comment_status":"open","ping_status":"open","sticky":false,"template":"","format":"standard","meta":{"_monsterinsights_skip_tracking":false,"_monsterinsights_sitenote_active":false,"_monsterinsights_sitenote_note":"","_monsterinsights_sitenote_category":0,"footnotes":""},"categories":[576],"tags":[6565,6810,1462],"class_list":["post-75626","post","type-post","status-publish","format-standard","has-post-thumbnail","hentry","category-ocio","tag-cancion","tag-ed-sheeran","tag-pokemon","wp-image-borders"],"amp_enabled":true,"_links":{"self":[{"href":"https:\/\/nvnoticias.mx\/index.php\/wp-json\/wp\/v2\/posts\/75626","targetHints":{"allow":["GET"]}}],"collection":[{"href":"https:\/\/nvnoticias.mx\/index.php\/wp-json\/wp\/v2\/posts"}],"about":[{"href":"https:\/\/nvnoticias.mx\/index.php\/wp-json\/wp\/v2\/types\/post"}],"author":[{"embeddable":true,"href":"https:\/\/nvnoticias.mx\/index.php\/wp-json\/wp\/v2\/users\/8"}],"replies":[{"embeddable":true,"href":"https:\/\/nvnoticias.mx\/index.php\/wp-json\/wp\/v2\/comments?post=75626"}],"version-history":[{"count":1,"href":"https:\/\/nvnoticias.mx\/index.php\/wp-json\/wp\/v2\/posts\/75626\/revisions"}],"predecessor-version":[{"id":75628,"href":"https:\/\/nvnoticias.mx\/index.php\/wp-json\/wp\/v2\/posts\/75626\/revisions\/75628"}],"wp:featuredmedia":[{"embeddable":true,"href":"https:\/\/nvnoticias.mx\/index.php\/wp-json\/wp\/v2\/media\/75627"}],"wp:attachment":[{"href":"https:\/\/nvnoticias.mx\/index.php\/wp-json\/wp\/v2\/media?parent=75626"}],"wp:term":[{"taxonomy":"category","embeddable":true,"href":"https:\/\/nvnoticias.mx\/index.php\/wp-json\/wp\/v2\/categories?post=75626"},{"taxonomy":"post_tag","embeddable":true,"href":"https:\/\/nvnoticias.mx\/index.php\/wp-json\/wp\/v2\/tags?post=75626"}],"curies":[{"name":"wp","href":"https:\/\/api.w.org\/{rel}","templated":true}]}}