{"id":75618,"date":"2022-09-24T16:21:43","date_gmt":"2022-09-24T21:21:43","guid":{"rendered":"https:\/\/nvnoticias.mx\/?p=75618"},"modified":"2022-09-24T16:21:45","modified_gmt":"2022-09-24T21:21:45","slug":"fianza-y-localizador-electronico-a-fidel-kuri-para-salir-de-prision","status":"publish","type":"post","link":"https:\/\/nvnoticias.mx\/index.php\/2022\/09\/24\/fianza-y-localizador-electronico-a-fidel-kuri-para-salir-de-prision\/","title":{"rendered":"Fianza y localizador electr\u00f3nico a Fidel Kuri para salir de prisi\u00f3n"},"content":{"rendered":"\n<p>El ex due\u00f1o de los Tiburones Rojos, Fidel Kuri podr\u00eda salir pronto de la prisi\u00f3n preventiva de la que ha sido objeto en el \u00faltimo a\u00f1o, luego de que le fue otorgado un amparo.<\/p>\n\n\n\n<p>Este s\u00e1bado desde las 8:30 horas inici\u00f3 la audiencia p\u00fablica de Kuri Grajales, la cual tuvo una duraci\u00f3n de m\u00e1s de seis horas, con tres recesos.<\/p>\n\n\n\n<p>De acuerdo al periodista Ignacio Su\u00e1rez, el empresario veracruzano podr\u00eda continuar su proceso en libertad, luego de que le fue retirada la prisi\u00f3n preventiva oficiosa,&nbsp;aunque para ello deber\u00e1 pagar una fianza de 20 millones de pesos, aunado a la utilizaci\u00f3n de un brazalete electr\u00f3nico para su localizaci\u00f3n.<\/p>\n\n\n\n<figure class=\"wp-block-embed aligncenter is-type-rich is-provider-twitter wp-block-embed-twitter\"><div class=\"wp-block-embed__wrapper\">\n<blockquote class=\"twitter-tweet\" data-width=\"550\" data-dnt=\"true\"><p lang=\"es\" dir=\"ltr\">????<a href=\"https:\/\/twitter.com\/hashtag\/AudienciaKuri?src=hash&amp;ref_src=twsrc%5Etfw\">#AudienciaKuri<\/a><br>????<a href=\"https:\/\/twitter.com\/hashtag\/Alerta?src=hash&amp;ref_src=twsrc%5Etfw\">#Alerta<\/a><br>-Resuelven nuevas medidas cautelares para <a href=\"https:\/\/twitter.com\/fidelkugra?ref_src=twsrc%5Etfw\">@fidelkugra<\/a> <br>para seguir su proceso en libertad.<br>-determina juez Fianza y uso de brazalete.<br>Mas detalles en curso <a href=\"https:\/\/t.co\/zs2tiSlduP\">pic.twitter.com\/zs2tiSlduP<\/a><\/p>&mdash; ignacio suarez (@fantasmasuarez) <a href=\"https:\/\/twitter.com\/fantasmasuarez\/status\/1573755735724494853?ref_src=twsrc%5Etfw\">September 24, 2022<\/a><\/blockquote><script async src=\"https:\/\/platform.twitter.com\/widgets.js\" charset=\"utf-8\"><\/script>\n<\/div><\/figure>\n\n\n\n<p>El exdue\u00f1o de los&nbsp;Tiburones Rojos del Veracruz&nbsp;argument\u00f3 que el uso de un localizador electr\u00f3nico \u201ccomo seguir en la c\u00e1rcel\u201d, debido a que le impide tener movilidad fuera de los l\u00edmites del Estado de M\u00e9xico, como lo se\u00f1ala la ley.<\/p>\n\n\n\n<blockquote class=\"wp-block-quote is-layout-flow wp-block-quote-is-layout-flow\"><p>\u201c<em>Fue el cumplimiento al fallo protector que le otorg\u00f3 la justicia federal y el juez de control nos convoc\u00f3 a una audiencia urgente, celebrada a la 08:30 am, en la que determin\u00f3 sustituir la \u201cprisi\u00f3n preventiva\u201d por una medida cautelar menos lesiva, la ha impuesto el brazalete electr\u00f3nico y una garant\u00eda econ\u00f3mica, s\u00f3lo es darle tr\u00e1mite para sacarlo de la prisi\u00f3n a la brevedad<\/em>\u201d, coment\u00f3&nbsp;Marco Moreno, abogado de&nbsp;Fidel Kuri<\/p><\/blockquote>\n\n\n\n<p>Se espera que la defensa del ex directivo de Veracruz re\u00fana la cantidad solicitada en los pr\u00f3ximos d\u00edas, para que a m\u00e1s tardar la pr\u00f3xima semana pueda salir del penal de Almoloya y continuar con su proceso en libertad.<\/p>\n\n\n\n<p>Por ahora, el empresario veracruzano se concentra en resolver el problema legal y despu\u00e9s atender\u00e1 los asuntos relacionados al futbol, despu\u00e9s de que fue desafiliado de la&nbsp;Federaci\u00f3n Mexicana de Futbol&nbsp;en diciembre del 2019.<\/p>\n\n\n\n<p>Cabe destacar que Kuri Grajales se encuentra recluido desde septiembre de 2021, acusado de supuesto fraude en contra de Televisi\u00f3n Azteca por 120 millones de pesos, mismos que la defensa del veracruzano argumentaban que hab\u00edan sido liquidados con las cartas federativas de futbolistas que pertenecieron a los Tiburones Rojos.<\/p>\n","protected":false},"excerpt":{"rendered":"<p>El ex due\u00f1o de los Tiburones Rojos, Fidel Kuri podr\u00eda salir pronto de la prisi\u00f3n preventiva de la que ha sido objeto en el \u00faltimo a\u00f1o, luego de que le fue otorgado un amparo. Este s\u00e1bado desde las 8:30 horas inici\u00f3 la audiencia p\u00fablica de Kuri Grajales, la cual tuvo una duraci\u00f3n de m\u00e1s de [&hellip;]<\/p>\n","protected":false},"author":8,"featured_media":75619,"comment_status":"open","ping_status":"open","sticky":false,"template":"","format":"standard","meta":{"_monsterinsights_skip_tracking":false,"_monsterinsights_sitenote_active":false,"_monsterinsights_sitenote_note":"","_monsterinsights_sitenote_category":0,"footnotes":""},"categories":[159],"tags":[3771,874,4065],"class_list":["post-75618","post","type-post","status-publish","format-standard","has-post-thumbnail","hentry","category-deportes","tag-fidel-kuri","tag-prision","tag-tiburones-rojos","wp-image-borders"],"amp_enabled":true,"_links":{"self":[{"href":"https:\/\/nvnoticias.mx\/index.php\/wp-json\/wp\/v2\/posts\/75618","targetHints":{"allow":["GET"]}}],"collection":[{"href":"https:\/\/nvnoticias.mx\/index.php\/wp-json\/wp\/v2\/posts"}],"about":[{"href":"https:\/\/nvnoticias.mx\/index.php\/wp-json\/wp\/v2\/types\/post"}],"author":[{"embeddable":true,"href":"https:\/\/nvnoticias.mx\/index.php\/wp-json\/wp\/v2\/users\/8"}],"replies":[{"embeddable":true,"href":"https:\/\/nvnoticias.mx\/index.php\/wp-json\/wp\/v2\/comments?post=75618"}],"version-history":[{"count":1,"href":"https:\/\/nvnoticias.mx\/index.php\/wp-json\/wp\/v2\/posts\/75618\/revisions"}],"predecessor-version":[{"id":75620,"href":"https:\/\/nvnoticias.mx\/index.php\/wp-json\/wp\/v2\/posts\/75618\/revisions\/75620"}],"wp:featuredmedia":[{"embeddable":true,"href":"https:\/\/nvnoticias.mx\/index.php\/wp-json\/wp\/v2\/media\/75619"}],"wp:attachment":[{"href":"https:\/\/nvnoticias.mx\/index.php\/wp-json\/wp\/v2\/media?parent=75618"}],"wp:term":[{"taxonomy":"category","embeddable":true,"href":"https:\/\/nvnoticias.mx\/index.php\/wp-json\/wp\/v2\/categories?post=75618"},{"taxonomy":"post_tag","embeddable":true,"href":"https:\/\/nvnoticias.mx\/index.php\/wp-json\/wp\/v2\/tags?post=75618"}],"curies":[{"name":"wp","href":"https:\/\/api.w.org\/{rel}","templated":true}]}}