{"id":75616,"date":"2022-09-24T14:28:21","date_gmt":"2022-09-24T19:28:21","guid":{"rendered":"https:\/\/nvnoticias.mx\/?p=75616"},"modified":"2022-09-24T14:28:22","modified_gmt":"2022-09-24T19:28:22","slug":"rafael-nadal-se-retira-de-la-copa-laver-por-motivos-personales","status":"publish","type":"post","link":"https:\/\/nvnoticias.mx\/index.php\/2022\/09\/24\/rafael-nadal-se-retira-de-la-copa-laver-por-motivos-personales\/","title":{"rendered":"Rafael Nadal se retira de la Copa Laver &#8220;por motivos personales&#8221;"},"content":{"rendered":"\n<p>El espa\u00f1ol\u00a0Rafael Nadal\u00a0anunci\u00f3 este s\u00e1bado que no seguir\u00e1 con su participaci\u00f3n en la\u00a0Laver Cup\u00a0\u2018por motivos personales\u2019, despu\u00e9s de formar pareja con su amigo y rival\u00a0Roger Federer\u00a0en un partido de dobles que cerr\u00f3 la brillante carrera del suizo.<\/p>\n\n\n\n<p>Las im\u00e1genes y los videos de\u00a0<strong>\u2018Fedal\u2019<\/strong>\u00a0sentados juntos llorando\u00a0en\u00a0la\u00a0Arena\u00a0O2\u00a0de Londres, este viernes, se hicieron virales en las redes sociales y se vio a\u00a0Nadal\u00a0muy conmovido.<\/p>\n\n\n\n<figure class=\"wp-block-embed aligncenter is-type-rich is-provider-twitter wp-block-embed-twitter\"><div class=\"wp-block-embed__wrapper\">\n<blockquote class=\"twitter-tweet\" data-width=\"550\" data-dnt=\"true\"><p lang=\"es\" dir=\"ltr\">Las l\u00e1grimas de <a href=\"https:\/\/twitter.com\/hashtag\/Federer?src=hash&amp;ref_src=twsrc%5Etfw\">#Federer<\/a> y <a href=\"https:\/\/twitter.com\/hashtag\/Nadal?src=hash&amp;ref_src=twsrc%5Etfw\">#Nadal<\/a> confluyen en lo mismo: alg\u00fan d\u00eda todo se termina. Pero el legado de ambos ser\u00e1 indeleble en los tiempos. <a href=\"https:\/\/t.co\/DXDk6Ywyll\">pic.twitter.com\/DXDk6Ywyll<\/a><\/p>&mdash; Pablo Amalfitano (@AmalfiTenis) <a href=\"https:\/\/twitter.com\/AmalfiTenis\/status\/1573460041729974274?ref_src=twsrc%5Etfw\">September 23, 2022<\/a><\/blockquote><script async src=\"https:\/\/platform.twitter.com\/widgets.js\" charset=\"utf-8\"><\/script>\n<\/div><\/figure>\n\n\n\n<p>El espa\u00f1ol, que ha ganado un r\u00e9cord masculino de 22 t\u00edtulos de Grand Slam, declar\u00f3 que tras el retiro de\u00a0Federer\u00a0una parte de \u00e9l tambi\u00e9n dejaba el Tour. \u2018Rafael Nadal se retira por motivos personales. Ser\u00e1 sustituido por\u00a0Cameron Norrie\u2019\u00a0anunci\u00f3 el torneo londinense.<\/p>\n\n\n\n<p>Nadal\u00a0est\u00e1 en la feliz espera de su primer hijo con su esposa\u00a0Mery Perello; sin embargo, hizo el viaje a Londres para jugar junto a \u2018Su Majestad\u2019 en el \u00faltimo encuentro profesional del suizo.<\/p>\n\n\n\n<p>Federer fue sustituido por el italiano\u00a0Matteo Berrettini\u00a0en el Equipo Europa, por el momento, el conjunto europeo est\u00e1 empatado a 4-4 con el Equipo del Resto del Mundo tras los partidos de la primera jornada.<\/p>\n\n\n\n<p>Por otra parte, el serbio\u00a0Novak Djokovic\u00a0tambi\u00e9n regresar\u00e1 a la acci\u00f3n este s\u00e1bado por primera vez desde que gan\u00f3 Wimbledon el pasado mes de julio, su n\u00famero 21 de torneos Grand Slam. Jugar\u00e1 contra el estadounidense\u00a0Frances Tiafoe\u00a0y luego en dobles junto al italinao\u00a0Matteo Berrettini\u00a0y contra el estadounidense\u00a0Jack Sock\u00a0y el australiano\u00a0Alex de Mi\u00f1aur.<\/p>\n\n\n\n<p>Fuente: <a href=\"https:\/\/aristeguinoticias.com\/2409\/deportes\/rafa-nadal-se-retira-de-la-copa-laver-tras-la-despedida-de-roger-federer-video\/\">Aristegui Noticias<\/a><\/p>\n","protected":false},"excerpt":{"rendered":"<p>El espa\u00f1ol\u00a0Rafael Nadal\u00a0anunci\u00f3 este s\u00e1bado que no seguir\u00e1 con su participaci\u00f3n en la\u00a0Laver Cup\u00a0\u2018por motivos personales\u2019, despu\u00e9s de formar pareja con su amigo y rival\u00a0Roger Federer\u00a0en un partido de dobles que cerr\u00f3 la brillante carrera del suizo. Las im\u00e1genes y los videos de\u00a0\u2018Fedal\u2019\u00a0sentados juntos llorando\u00a0en\u00a0la\u00a0Arena\u00a0O2\u00a0de Londres, este viernes, se hicieron virales en las redes sociales [&hellip;]<\/p>\n","protected":false},"author":8,"featured_media":72924,"comment_status":"open","ping_status":"open","sticky":false,"template":"","format":"standard","meta":{"_monsterinsights_skip_tracking":false,"_monsterinsights_sitenote_active":false,"_monsterinsights_sitenote_note":"","_monsterinsights_sitenote_category":0,"footnotes":""},"categories":[159],"tags":[9768,3609],"class_list":["post-75616","post","type-post","status-publish","format-standard","has-post-thumbnail","hentry","category-deportes","tag-laver-cup","tag-rafael-nadal","wp-image-borders"],"amp_enabled":true,"_links":{"self":[{"href":"https:\/\/nvnoticias.mx\/index.php\/wp-json\/wp\/v2\/posts\/75616","targetHints":{"allow":["GET"]}}],"collection":[{"href":"https:\/\/nvnoticias.mx\/index.php\/wp-json\/wp\/v2\/posts"}],"about":[{"href":"https:\/\/nvnoticias.mx\/index.php\/wp-json\/wp\/v2\/types\/post"}],"author":[{"embeddable":true,"href":"https:\/\/nvnoticias.mx\/index.php\/wp-json\/wp\/v2\/users\/8"}],"replies":[{"embeddable":true,"href":"https:\/\/nvnoticias.mx\/index.php\/wp-json\/wp\/v2\/comments?post=75616"}],"version-history":[{"count":1,"href":"https:\/\/nvnoticias.mx\/index.php\/wp-json\/wp\/v2\/posts\/75616\/revisions"}],"predecessor-version":[{"id":75617,"href":"https:\/\/nvnoticias.mx\/index.php\/wp-json\/wp\/v2\/posts\/75616\/revisions\/75617"}],"wp:featuredmedia":[{"embeddable":true,"href":"https:\/\/nvnoticias.mx\/index.php\/wp-json\/wp\/v2\/media\/72924"}],"wp:attachment":[{"href":"https:\/\/nvnoticias.mx\/index.php\/wp-json\/wp\/v2\/media?parent=75616"}],"wp:term":[{"taxonomy":"category","embeddable":true,"href":"https:\/\/nvnoticias.mx\/index.php\/wp-json\/wp\/v2\/categories?post=75616"},{"taxonomy":"post_tag","embeddable":true,"href":"https:\/\/nvnoticias.mx\/index.php\/wp-json\/wp\/v2\/tags?post=75616"}],"curies":[{"name":"wp","href":"https:\/\/api.w.org\/{rel}","templated":true}]}}