{"id":7559,"date":"2021-03-13T11:03:48","date_gmt":"2021-03-13T17:03:48","guid":{"rendered":"https:\/\/nvnoticias.mx\/?p=7559"},"modified":"2021-03-13T11:06:45","modified_gmt":"2021-03-13T17:06:45","slug":"confian-legisladores-amparos-contra-reforma-electrica","status":"publish","type":"post","link":"https:\/\/nvnoticias.mx\/index.php\/2021\/03\/13\/confian-legisladores-amparos-contra-reforma-electrica\/","title":{"rendered":"Conf\u00edan legisladores en que amparos contra Reforma El\u00e9ctrica no procedan"},"content":{"rendered":"\n<p><strong>Jes\u00fas Utrilla \/ NV Noticias<\/strong><\/p>\n\n\n\n<p>La Suprema Corte de Justicia de la Naci\u00f3n podr\u00eda resolver a favor de la Reforma El\u00e9ctrica para que \u00e9sta comience a aplicar en M\u00e9xico, considero Tania Santos, diputada federal de Morena por el Distrito 11 de Coatzacoalcos.<\/p>\n\n\n\n<p>Acus\u00f3 que hubo grandes intereses que se vinieron abajo con la iniciativa por ello la oposici\u00f3n busca echar abajo dichas adecuaciones.<\/p>\n\n\n\n<p>Record\u00f3 el desmantelamiento de la Comisi\u00f3n Federal de Electricidad y de la industria en general.<\/p>\n\n\n\n<p>Incluso la reforma de 2013 no sirvi\u00f3 pues tan solo la tarifa de luz aument\u00f3 37 por ciento. Aunado a ello\u00a0hab\u00eda intereses de los privados y la clase pol\u00edtica. <\/p>\n\n\n\n<p>Por ello consider\u00f3 que la oposici\u00f3n est\u00e1 moviendo amparos y protegiendo sus intereses.<\/p>\n\n\n\n<p>Sin embargo, confi\u00f3 en que la Suprema Corte defina y se aplique la reforma a la brevedad.<\/p>\n\n\n\n<blockquote class=\"wp-block-quote is-layout-flow wp-block-quote-is-layout-flow\"><p>\u201cElectoralmente no tiene por qu\u00e9 afectar ya que se ha trabajado desde el primer d\u00eda del gobierno y hay cambios en el pa\u00eds. Las trabas que nos pongan no tiene porque afectar el resultado\u201d.<\/p><\/blockquote>\n\n\n\n<p>Por otro lado no descart\u00f3 que incremente la guerra sucia en contra de los candidatos de Morena para el actual proceso electoral.<\/p>\n\n\n\n<blockquote class=\"wp-block-quote is-layout-flow wp-block-quote-is-layout-flow\"><p>\u201cEs parte de como se ven\u00eda haciendo la pol\u00edtica en M\u00e9xico y se necesita una m\u00e1s limpia que como la que se acostumbra hacer. Depende de los actores pol\u00edticos. Tenemos que seguir avanzando pese a las piedras que nos pongan en el camino\u201d.<\/p><\/blockquote>\n\n\n\n<p>Finalmente habl\u00f3 de la jornada de vacunaci\u00f3n de adultos mayores y dijo que se avanza en tiempo y forma.<\/p>\n\n\n\n<p>Adem\u00e1s M\u00e9xico es un pa\u00eds privilegiado ya que no todos cuentan con las dosis para comenzar a inmunizar a su poblaci\u00f3n.<\/p>\n","protected":false},"excerpt":{"rendered":"<p>Jes\u00fas Utrilla \/ NV Noticias La Suprema Corte de Justicia de la Naci\u00f3n podr\u00eda resolver a favor de la Reforma El\u00e9ctrica para que \u00e9sta comience a aplicar en M\u00e9xico, considero Tania Santos, diputada federal de Morena por el Distrito 11 de Coatzacoalcos. Acus\u00f3 que hubo grandes intereses que se vinieron abajo con la iniciativa por [&hellip;]<\/p>\n","protected":false},"author":7,"featured_media":7561,"comment_status":"open","ping_status":"open","sticky":false,"template":"","format":"standard","meta":{"_monsterinsights_skip_tracking":false,"_monsterinsights_sitenote_active":false,"_monsterinsights_sitenote_note":"","_monsterinsights_sitenote_category":0,"footnotes":""},"categories":[154],"tags":[504,1553,748,2232],"class_list":["post-7559","post","type-post","status-publish","format-standard","has-post-thumbnail","hentry","category-veracruz","tag-coatzacoalcos","tag-reforma-electrica","tag-suprema-corte-de-justicia-de-la-nacion","tag-tania-santos","wp-image-borders"],"amp_enabled":true,"_links":{"self":[{"href":"https:\/\/nvnoticias.mx\/index.php\/wp-json\/wp\/v2\/posts\/7559","targetHints":{"allow":["GET"]}}],"collection":[{"href":"https:\/\/nvnoticias.mx\/index.php\/wp-json\/wp\/v2\/posts"}],"about":[{"href":"https:\/\/nvnoticias.mx\/index.php\/wp-json\/wp\/v2\/types\/post"}],"author":[{"embeddable":true,"href":"https:\/\/nvnoticias.mx\/index.php\/wp-json\/wp\/v2\/users\/7"}],"replies":[{"embeddable":true,"href":"https:\/\/nvnoticias.mx\/index.php\/wp-json\/wp\/v2\/comments?post=7559"}],"version-history":[{"count":1,"href":"https:\/\/nvnoticias.mx\/index.php\/wp-json\/wp\/v2\/posts\/7559\/revisions"}],"predecessor-version":[{"id":7562,"href":"https:\/\/nvnoticias.mx\/index.php\/wp-json\/wp\/v2\/posts\/7559\/revisions\/7562"}],"wp:featuredmedia":[{"embeddable":true,"href":"https:\/\/nvnoticias.mx\/index.php\/wp-json\/wp\/v2\/media\/7561"}],"wp:attachment":[{"href":"https:\/\/nvnoticias.mx\/index.php\/wp-json\/wp\/v2\/media?parent=7559"}],"wp:term":[{"taxonomy":"category","embeddable":true,"href":"https:\/\/nvnoticias.mx\/index.php\/wp-json\/wp\/v2\/categories?post=7559"},{"taxonomy":"post_tag","embeddable":true,"href":"https:\/\/nvnoticias.mx\/index.php\/wp-json\/wp\/v2\/tags?post=7559"}],"curies":[{"name":"wp","href":"https:\/\/api.w.org\/{rel}","templated":true}]}}