{"id":75582,"date":"2022-09-24T11:37:45","date_gmt":"2022-09-24T16:37:45","guid":{"rendered":"https:\/\/nvnoticias.mx\/?p=75582"},"modified":"2022-09-24T11:37:46","modified_gmt":"2022-09-24T16:37:46","slug":"promueven-a-veracruz-a-traves-de-la-ruta-primeros-pasos-de-cortes","status":"publish","type":"post","link":"https:\/\/nvnoticias.mx\/index.php\/2022\/09\/24\/promueven-a-veracruz-a-traves-de-la-ruta-primeros-pasos-de-cortes\/","title":{"rendered":"Promueven a Veracruz a trav\u00e9s de la Ruta Primeros Pasos de Cort\u00e9s"},"content":{"rendered":"\n<p><strong>Jes\u00fas Utrilla \/ NV Noticias<\/strong><\/p>\n\n\n\n<p>A trav\u00e9s de caravanas tur\u00edsticas y hoteleras se promueve la Ruta Primeros Pasos de Cort\u00e9s, como atractivo tur\u00edstico.<\/p>\n\n\n\n<p>El presidente de la Asociaci\u00f3n Mexicana de Hoteles y Moteles Veracruz &#8211; Boca del R\u00edo, Santiago Caram\u00e9s Chaparro, dijo que con la finalidad de atraer m\u00e1s turismo a Veracruz,&nbsp;&nbsp;operadores tur\u00edsticos y hoteleros del estado realizaron recientemente una muestra cultural y gastron\u00f3mica en la Plaza Constituci\u00f3n de Quer\u00e9taro.<\/p>\n\n\n\n<blockquote class=\"wp-block-quote is-layout-flow wp-block-quote-is-layout-flow\"><p>\u201c<em>Se llev\u00f3 a cabo una rumbata y una exposici\u00f3n fotogr\u00e1fica, adem\u00e1s de la presentaci\u00f3n de una comparsa y batucada alusiva\u00a0\u00a0al Carnaval para mostrar a los queretanos lo que se vive en Veracruz<\/em>\u201d.<\/p><\/blockquote>\n\n\n\n<p>Se busca replicar estas actividades en diversos municipios para atraer turistas en toda \u00e9poca del a\u00f1o y sobre todo en las festividades.<\/p>\n\n\n\n<p>En la mencionada anteriormente se cont\u00f3 con la presencia del secretario de Turismo de Veracruz, Iv\u00e1n Francisco Mart\u00ednez Olvera, quien afirm\u00f3 que el estado de Quer\u00e9taro es uno de los 8 estados principales emisores de&nbsp;&nbsp;la mayor cantidad de visitantes a Veracruz.<\/p>\n\n\n\n<p>Funcionarios de turismo en Quer\u00e9taro recibieron a la delegaci\u00f3n de Veracruz destacando la importancia de estas actividad y de la relaci\u00f3n que debe existir entre estados para fomentar el turismo.<\/p>\n","protected":false},"excerpt":{"rendered":"<p>Jes\u00fas Utrilla \/ NV Noticias A trav\u00e9s de caravanas tur\u00edsticas y hoteleras se promueve la Ruta Primeros Pasos de Cort\u00e9s, como atractivo tur\u00edstico. El presidente de la Asociaci\u00f3n Mexicana de Hoteles y Moteles Veracruz &#8211; Boca del R\u00edo, Santiago Caram\u00e9s Chaparro, dijo que con la finalidad de atraer m\u00e1s turismo a Veracruz,&nbsp;&nbsp;operadores tur\u00edsticos y hoteleros [&hellip;]<\/p>\n","protected":false},"author":8,"featured_media":75583,"comment_status":"open","ping_status":"open","sticky":false,"template":"","format":"standard","meta":{"_monsterinsights_skip_tracking":false,"_monsterinsights_sitenote_active":false,"_monsterinsights_sitenote_note":"","_monsterinsights_sitenote_category":0,"footnotes":""},"categories":[154],"tags":[19612,180],"class_list":["post-75582","post","type-post","status-publish","format-standard","has-post-thumbnail","hentry","category-veracruz","tag-ruta-primeros-pasos-de-cortes","tag-veracruz","wp-image-borders"],"amp_enabled":true,"_links":{"self":[{"href":"https:\/\/nvnoticias.mx\/index.php\/wp-json\/wp\/v2\/posts\/75582","targetHints":{"allow":["GET"]}}],"collection":[{"href":"https:\/\/nvnoticias.mx\/index.php\/wp-json\/wp\/v2\/posts"}],"about":[{"href":"https:\/\/nvnoticias.mx\/index.php\/wp-json\/wp\/v2\/types\/post"}],"author":[{"embeddable":true,"href":"https:\/\/nvnoticias.mx\/index.php\/wp-json\/wp\/v2\/users\/8"}],"replies":[{"embeddable":true,"href":"https:\/\/nvnoticias.mx\/index.php\/wp-json\/wp\/v2\/comments?post=75582"}],"version-history":[{"count":1,"href":"https:\/\/nvnoticias.mx\/index.php\/wp-json\/wp\/v2\/posts\/75582\/revisions"}],"predecessor-version":[{"id":75584,"href":"https:\/\/nvnoticias.mx\/index.php\/wp-json\/wp\/v2\/posts\/75582\/revisions\/75584"}],"wp:featuredmedia":[{"embeddable":true,"href":"https:\/\/nvnoticias.mx\/index.php\/wp-json\/wp\/v2\/media\/75583"}],"wp:attachment":[{"href":"https:\/\/nvnoticias.mx\/index.php\/wp-json\/wp\/v2\/media?parent=75582"}],"wp:term":[{"taxonomy":"category","embeddable":true,"href":"https:\/\/nvnoticias.mx\/index.php\/wp-json\/wp\/v2\/categories?post=75582"},{"taxonomy":"post_tag","embeddable":true,"href":"https:\/\/nvnoticias.mx\/index.php\/wp-json\/wp\/v2\/tags?post=75582"}],"curies":[{"name":"wp","href":"https:\/\/api.w.org\/{rel}","templated":true}]}}