{"id":75500,"date":"2022-09-23T15:31:01","date_gmt":"2022-09-23T20:31:01","guid":{"rendered":"https:\/\/nvnoticias.mx\/?p=75500"},"modified":"2022-09-23T15:31:01","modified_gmt":"2022-09-23T20:31:01","slug":"diputado-presume-estampa-de-amlo-en-album-panini","status":"publish","type":"post","link":"https:\/\/nvnoticias.mx\/index.php\/2022\/09\/23\/diputado-presume-estampa-de-amlo-en-album-panini\/","title":{"rendered":"Diputado presume estampa de AMLO en \u00e1lbum Panini"},"content":{"rendered":"\n<p>El \u00e1lbum Panini del Mundial de Qatar se ha convertido en un fen\u00f3meno de las redes sociales, donde miles de aficionados comparten la emoci\u00f3n por abrir sus sobres. Los pol\u00edticos no son la excepci\u00f3n y as\u00ed lo demostr\u00f3 el diputado\u00a0Miguel Torruco Garza, aunque el resultado sorprendi\u00f3 a m\u00e1s de uno. <\/p>\n\n\n\n<p>Mediante su cuenta de TikTok, el legislador de Morena public\u00f3 un video que titul\u00f3 como &#8220;los mejores\u00a0del mundo en un solo sobre&#8221;. La toma se enfoc\u00f3 en un paquete cerrado con im\u00e1genes de la pr\u00f3xima Copa del Mundo. <\/p>\n\n\n\n<p>Al abrirlo, Torruco Garza mostr\u00f3, una por una, las estampas de Cristiano Ronaldo, Lionel Messi, Neymar y Luis Su\u00e1rez, jugadores insignia de sus selecciones. <\/p>\n\n\n\n<p>El siguiente fue Robert Lewandowsky, internacional con Polonia que se enfrentar\u00e1 a la selecci\u00f3n mexicana. Por \u00faltimo y de forma inesperada, apareci\u00f3 una estampa del presidente Andr\u00e9s Manuel L\u00f3pez Obrador. <\/p>\n\n\n\n<blockquote class=\"tiktok-embed\" cite=\"https:\/\/www.tiktok.com\/@migueltorrucog\/video\/7145989023159389445\" data-video-id=\"7145989023159389445\" style=\"max-width: 605px;min-width: 325px;\" > <section> <a target=\"_blank\" title=\"@migueltorrucog\" href=\"https:\/\/www.tiktok.com\/@migueltorrucog?refer=embed\" rel=\"noopener\">@migueltorrucog<\/a> Los mejores del Mundo en un solo sobre <a title=\"panini\" target=\"_blank\" href=\"https:\/\/www.tiktok.com\/tag\/panini?refer=embed\" rel=\"noopener\">#panini<\/a> <a title=\"fifa22\" target=\"_blank\" href=\"https:\/\/www.tiktok.com\/tag\/fifa22?refer=embed\" rel=\"noopener\">#fifa22<\/a> <a title=\"fifaworldcup2022\" target=\"_blank\" href=\"https:\/\/www.tiktok.com\/tag\/fifaworldcup2022?refer=embed\" rel=\"noopener\">#fifaworldcup2022<\/a> <a title=\"estampaspanini\" target=\"_blank\" href=\"https:\/\/www.tiktok.com\/tag\/estampaspanini?refer=embed\" rel=\"noopener\">#estampaspanini<\/a> <a title=\"paninialbum\" target=\"_blank\" href=\"https:\/\/www.tiktok.com\/tag\/paninialbum?refer=embed\" rel=\"noopener\">#paninialbum<\/a> <a title=\"amlo\" target=\"_blank\" href=\"https:\/\/www.tiktok.com\/tag\/amlo?refer=embed\" rel=\"noopener\">#amlo<\/a> <a title=\"andresmanuellopezobrador\" target=\"_blank\" href=\"https:\/\/www.tiktok.com\/tag\/andresmanuellopezobrador?refer=embed\" rel=\"noopener\">#andresmanuellopezobrador<\/a> <a title=\"migueltorrucogarza\" target=\"_blank\" href=\"https:\/\/www.tiktok.com\/tag\/migueltorrucogarza?refer=embed\" rel=\"noopener\">#migueltorrucogarza<\/a> <a title=\"migueltorruco\" target=\"_blank\" href=\"https:\/\/www.tiktok.com\/tag\/migueltorruco?refer=embed\" rel=\"noopener\">#migueltorruco<\/a> <a title=\"torruco\" target=\"_blank\" href=\"https:\/\/www.tiktok.com\/tag\/torruco?refer=embed\" rel=\"noopener\">#torruco<\/a> <a title=\"relevogeneracional\" target=\"_blank\" href=\"https:\/\/www.tiktok.com\/tag\/relevogeneracional?refer=embed\" rel=\"noopener\">#relevogeneracional<\/a> <a title=\"relevogeneracionalmx\" target=\"_blank\" href=\"https:\/\/www.tiktok.com\/tag\/relevogeneracionalmx?refer=embed\" rel=\"noopener\">#relevogeneracionalmx<\/a> <a title=\"albumdelmundial\" target=\"_blank\" href=\"https:\/\/www.tiktok.com\/tag\/albumdelmundial?refer=embed\" rel=\"noopener\">#albumdelmundial<\/a> <a title=\"albumdefiguritas\" target=\"_blank\" href=\"https:\/\/www.tiktok.com\/tag\/albumdefiguritas?refer=embed\" rel=\"noopener\">#albumdefiguritas<\/a> <a title=\"albumdefigurinhas\" target=\"_blank\" href=\"https:\/\/www.tiktok.com\/tag\/albumdefigurinhas?refer=embed\" rel=\"noopener\">#albumdefigurinhas<\/a> <a title=\"albumpanini\" target=\"_blank\" href=\"https:\/\/www.tiktok.com\/tag\/albumpanini?refer=embed\" rel=\"noopener\">#albumpanini<\/a> <a title=\"mundial2022\" target=\"_blank\" href=\"https:\/\/www.tiktok.com\/tag\/mundial2022?refer=embed\" rel=\"noopener\">#mundial2022<\/a> <a title=\"qatar2022\" target=\"_blank\" href=\"https:\/\/www.tiktok.com\/tag\/qatar2022?refer=embed\" rel=\"noopener\">#qatar2022<\/a> @messi2quick <a title=\"humor\" target=\"_blank\" href=\"https:\/\/www.tiktok.com\/tag\/humor?refer=embed\" rel=\"noopener\">#humor<\/a> <a title=\"trend\" target=\"_blank\" href=\"https:\/\/www.tiktok.com\/tag\/trend?refer=embed\" rel=\"noopener\">#trend<\/a> <a title=\"viral\" target=\"_blank\" href=\"https:\/\/www.tiktok.com\/tag\/viral?refer=embed\" rel=\"noopener\">#viral<\/a> <a target=\"_blank\" title=\"\u266c Love You So - The King Khan &#38; BBQ Show\" href=\"https:\/\/www.tiktok.com\/music\/Love-You-So-6728562975734515713?refer=embed\" rel=\"noopener\">\u266c Love You So &#8211; The King Khan &#38; BBQ Show<\/a> <\/section> <\/blockquote> <script async src=\"https:\/\/www.tiktok.com\/embed.js\"><\/script>\n\n\n\n<p>El morenista se mostr\u00f3 emocionado con haber &#8216;encontrado&#8217; la imagen del mandatario, la cual consider\u00f3 que era &#8220;la mejor de todas&#8221;. <\/p>\n\n\n\n<p>El video cuenta con m\u00e1s de 113 mil visualizaciones y cientos de usuarios se volcaron en la secci\u00f3n de comentarios. <\/p>\n\n\n\n<blockquote class=\"wp-block-quote is-layout-flow wp-block-quote-is-layout-flow\"><p>Entre las respuestas, se encontraban <em>&#8220;me quedo con CR7 y AMLO&#8221;, &#8220;hoy conoc\u00ed la envidia&#8221;, &#8220;te la cambio por el \u00e1lbum lleno&#8221; y &#8220;la \u00faltima es la mejor&#8221;<\/em>. <\/p><\/blockquote>\n\n\n\n<p>Otros usuarios se\u00f1alaron que, posiblemente, se realiz\u00f3 un corte por la zona posterior del sobre para introducir las estampas o que el dise\u00f1o de las im\u00e1genes era diferente entre los futbolistas y el Presidente. &#8220;Casi me la creo&#8221;, escribieron. <\/p>\n\n\n\n<p>Fuente: <a href=\"https:\/\/www.milenio.com\/politica\/diputado-presume-estampa-amlo-album-panini-mundial\">Milenio<\/a><\/p>\n","protected":false},"excerpt":{"rendered":"<p>El \u00e1lbum Panini del Mundial de Qatar se ha convertido en un fen\u00f3meno de las redes sociales, donde miles de aficionados comparten la emoci\u00f3n por abrir sus sobres. Los pol\u00edticos no son la excepci\u00f3n y as\u00ed lo demostr\u00f3 el diputado\u00a0Miguel Torruco Garza, aunque el resultado sorprendi\u00f3 a m\u00e1s de uno. Mediante su cuenta de TikTok, [&hellip;]<\/p>\n","protected":false},"author":8,"featured_media":75501,"comment_status":"open","ping_status":"open","sticky":false,"template":"","format":"standard","meta":{"_monsterinsights_skip_tracking":false,"_monsterinsights_sitenote_active":false,"_monsterinsights_sitenote_note":"","_monsterinsights_sitenote_category":0,"footnotes":""},"categories":[158],"tags":[18808,188,19597,19596],"class_list":["post-75500","post","type-post","status-publish","format-standard","has-post-thumbnail","hentry","category-politica","tag-album-panini","tag-amlo","tag-estampa","tag-miguel-torruco-garza","wp-image-borders"],"amp_enabled":true,"_links":{"self":[{"href":"https:\/\/nvnoticias.mx\/index.php\/wp-json\/wp\/v2\/posts\/75500","targetHints":{"allow":["GET"]}}],"collection":[{"href":"https:\/\/nvnoticias.mx\/index.php\/wp-json\/wp\/v2\/posts"}],"about":[{"href":"https:\/\/nvnoticias.mx\/index.php\/wp-json\/wp\/v2\/types\/post"}],"author":[{"embeddable":true,"href":"https:\/\/nvnoticias.mx\/index.php\/wp-json\/wp\/v2\/users\/8"}],"replies":[{"embeddable":true,"href":"https:\/\/nvnoticias.mx\/index.php\/wp-json\/wp\/v2\/comments?post=75500"}],"version-history":[{"count":1,"href":"https:\/\/nvnoticias.mx\/index.php\/wp-json\/wp\/v2\/posts\/75500\/revisions"}],"predecessor-version":[{"id":75502,"href":"https:\/\/nvnoticias.mx\/index.php\/wp-json\/wp\/v2\/posts\/75500\/revisions\/75502"}],"wp:featuredmedia":[{"embeddable":true,"href":"https:\/\/nvnoticias.mx\/index.php\/wp-json\/wp\/v2\/media\/75501"}],"wp:attachment":[{"href":"https:\/\/nvnoticias.mx\/index.php\/wp-json\/wp\/v2\/media?parent=75500"}],"wp:term":[{"taxonomy":"category","embeddable":true,"href":"https:\/\/nvnoticias.mx\/index.php\/wp-json\/wp\/v2\/categories?post=75500"},{"taxonomy":"post_tag","embeddable":true,"href":"https:\/\/nvnoticias.mx\/index.php\/wp-json\/wp\/v2\/tags?post=75500"}],"curies":[{"name":"wp","href":"https:\/\/api.w.org\/{rel}","templated":true}]}}