{"id":75452,"date":"2022-09-23T12:24:45","date_gmt":"2022-09-23T17:24:45","guid":{"rendered":"https:\/\/nvnoticias.mx\/?p=75452"},"modified":"2022-09-23T12:24:47","modified_gmt":"2022-09-23T17:24:47","slug":"las-impresionantes-imagenes-del-tornado-que-sorprendio-en-guamuchil","status":"publish","type":"post","link":"https:\/\/nvnoticias.mx\/index.php\/2022\/09\/23\/las-impresionantes-imagenes-del-tornado-que-sorprendio-en-guamuchil\/","title":{"rendered":"Las impresionantes im\u00e1genes del tornado que sorprendi\u00f3 en Guam\u00fachil"},"content":{"rendered":"\n<p>Habitantes de&nbsp;<strong>Guam\u00fachil, Sinaloa<\/strong>, fueron sorprendidos por un&nbsp;<strong>tornado<\/strong>&nbsp;que se form\u00f3 en la zona centro de la ciudad, dejando a una persona lesionada y da\u00f1os materiales. &nbsp;<\/p>\n\n\n\n<p>Fue la tarde del jueves, en donde usuarios de redes sociales, lograron captar en video, el momento en que comenz\u00f3 a formarse el tornado y avanz\u00f3 sobre las principales calles de la ciudad, provocando da\u00f1os materiales.\u00a0<\/p>\n\n\n\n<p>El coordinador de Protecci\u00f3n Civil de Salvador Alvarado, Jos\u00e9 Espinoza dio a conocer que se reportaron da\u00f1os materiales en \u00e1rboles ca\u00eddos y algunas fallas en el cableado de la ciudad debido al fuerte viento. &nbsp;<\/p>\n\n\n\n<p>Sin embargo, destac\u00f3 que se encontr\u00f3 que una empleada de una tienda departamental ubicada en el centro de la ciudad, fue lesionada por los hechos presentados, pero se atendi\u00f3 en su momento. \u00a0<\/p>\n\n\n\n<p>Alrededor de las 18:20 horas, el impresionante tornado sorprendi\u00f3 a los habitantes de la localidad, que se encontraban congregados en la plaza principal dedicada a Pedro Infante de dicha localidad debido a una feria cultural.&nbsp;<\/p>\n\n\n\n<p>En las im\u00e1genes se puede ver a las personas agarrarse de los troncos de los \u00e1rboles de las calles para evitar sean levantados por el remolino.\u00a0 \u00a0La r\u00e1faga de viento tambi\u00e9n tir\u00f3\u00a0lonas, da\u00f1\u00f3 techos de casas y algunos anuncios de\u00a0la zona.\u00a0<\/p>\n\n\n\n<blockquote class=\"twitter-tweet\"><p lang=\"es\" dir=\"ltr\">Se registr\u00f3 una segunda nube embudo, pero parece ser no toc\u00f3 tierra <a href=\"https:\/\/twitter.com\/stmsin?ref_src=twsrc%5Etfw\">@stmsin<\/a> <a href=\"https:\/\/twitter.com\/TornadosMexico?ref_src=twsrc%5Etfw\">@TornadosMexico<\/a> <a href=\"https:\/\/t.co\/OH25BDNhCY\">pic.twitter.com\/OH25BDNhCY<\/a><\/p>&mdash; Jos\u00e9 Mendoza (@JosLBM) <a href=\"https:\/\/twitter.com\/JosLBM\/status\/1573131604150853632?ref_src=twsrc%5Etfw\">September 23, 2022<\/a><\/blockquote> <script async src=\"https:\/\/platform.twitter.com\/widgets.js\" charset=\"utf-8\"><\/script>\n\n\n\n<p>Fuente: <a href=\"https:\/\/www.eluniversal.com.mx\/estados\/videos-las-impresionantes-imagenes-del-tornado-que-sorprendio-en-guamuchil-sinaloa\" data-type=\"URL\" data-id=\"https:\/\/www.eluniversal.com.mx\/estados\/videos-las-impresionantes-imagenes-del-tornado-que-sorprendio-en-guamuchil-sinaloa\">El Universal<\/a><\/p>\n","protected":false},"excerpt":{"rendered":"<p>Habitantes de&nbsp;Guam\u00fachil, Sinaloa, fueron sorprendidos por un&nbsp;tornado&nbsp;que se form\u00f3 en la zona centro de la ciudad, dejando a una persona lesionada y da\u00f1os materiales. &nbsp; Fue la tarde del jueves, en donde usuarios de redes sociales, lograron captar en video, el momento en que comenz\u00f3 a formarse el tornado y avanz\u00f3 sobre las principales calles [&hellip;]<\/p>\n","protected":false},"author":35,"featured_media":13469,"comment_status":"open","ping_status":"open","sticky":false,"template":"","format":"standard","meta":{"_monsterinsights_skip_tracking":false,"_monsterinsights_sitenote_active":false,"_monsterinsights_sitenote_note":"","_monsterinsights_sitenote_category":0,"footnotes":""},"categories":[181],"tags":[19584,18379,19582,19583,3741],"class_list":["post-75452","post","type-post","status-publish","format-standard","has-post-thumbnail","hentry","category-internacional","tag-guamuchil","tag-imagenes-2","tag-impresionantes","tag-sorprendio","tag-tornado","wp-image-borders"],"amp_enabled":true,"_links":{"self":[{"href":"https:\/\/nvnoticias.mx\/index.php\/wp-json\/wp\/v2\/posts\/75452","targetHints":{"allow":["GET"]}}],"collection":[{"href":"https:\/\/nvnoticias.mx\/index.php\/wp-json\/wp\/v2\/posts"}],"about":[{"href":"https:\/\/nvnoticias.mx\/index.php\/wp-json\/wp\/v2\/types\/post"}],"author":[{"embeddable":true,"href":"https:\/\/nvnoticias.mx\/index.php\/wp-json\/wp\/v2\/users\/35"}],"replies":[{"embeddable":true,"href":"https:\/\/nvnoticias.mx\/index.php\/wp-json\/wp\/v2\/comments?post=75452"}],"version-history":[{"count":1,"href":"https:\/\/nvnoticias.mx\/index.php\/wp-json\/wp\/v2\/posts\/75452\/revisions"}],"predecessor-version":[{"id":75455,"href":"https:\/\/nvnoticias.mx\/index.php\/wp-json\/wp\/v2\/posts\/75452\/revisions\/75455"}],"wp:featuredmedia":[{"embeddable":true,"href":"https:\/\/nvnoticias.mx\/index.php\/wp-json\/wp\/v2\/media\/13469"}],"wp:attachment":[{"href":"https:\/\/nvnoticias.mx\/index.php\/wp-json\/wp\/v2\/media?parent=75452"}],"wp:term":[{"taxonomy":"category","embeddable":true,"href":"https:\/\/nvnoticias.mx\/index.php\/wp-json\/wp\/v2\/categories?post=75452"},{"taxonomy":"post_tag","embeddable":true,"href":"https:\/\/nvnoticias.mx\/index.php\/wp-json\/wp\/v2\/tags?post=75452"}],"curies":[{"name":"wp","href":"https:\/\/api.w.org\/{rel}","templated":true}]}}