{"id":75451,"date":"2022-09-23T12:20:38","date_gmt":"2022-09-23T17:20:38","guid":{"rendered":"https:\/\/nvnoticias.mx\/?p=75451"},"modified":"2022-09-23T12:20:39","modified_gmt":"2022-09-23T17:20:39","slug":"fidel-kuri-se-ampara-y-podria-salir-de-prision","status":"publish","type":"post","link":"https:\/\/nvnoticias.mx\/index.php\/2022\/09\/23\/fidel-kuri-se-ampara-y-podria-salir-de-prision\/","title":{"rendered":"Fidel Kuri se ampara y podr\u00eda salir de prisi\u00f3n"},"content":{"rendered":"\n<p>El empresario veracruzano Fidel Kuri dio a conocer que le fue otorgado un amparo con el que podr\u00eda salir en libertad este s\u00e1bado, luego de m\u00e1s de un a\u00f1o en la prisi\u00f3n de Almoloya.<\/p>\n\n\n\n<p>Por medio de sus redes sociales, el que fuera propietario de los Tiburones Rojos inform\u00f3 que le fue otorgado un amparo y protecci\u00f3n en contra de la prisi\u00f3n preventiva que lo tiene preso desde el pasado 20 de septiembre.<\/p>\n\n\n\n<iframe loading=\"lazy\" src=\"https:\/\/www.facebook.com\/plugins\/post.php?href=https%3A%2F%2Fwww.facebook.com%2FFidelKuGra%2Fposts%2Fpfbid09C5ou9FoMdA3LLqu8WxZyezZizGymKCLonbSQLGNGmUhwK3VfswUVp1bCzJdFRNFl&#038;show_text=true&#038;width=500\" width=\"500\" height=\"491\" style=\"border:none;overflow:hidden\" scrolling=\"no\" frameborder=\"0\" allowfullscreen=\"true\" allow=\"autoplay; clipboard-write; encrypted-media; picture-in-picture; web-share\"><\/iframe>\n\n\n\n<p>Ser\u00e1 este s\u00e1bado a las 8:30 cuando se lleve a cabo la audiencia p\u00fablica en los Juzgados de Control de Almoloya, donde se dar\u00e1 cumplimiento a la resoluci\u00f3n de amparo.<\/p>\n\n\n\n<p>Fidel Kuri se encontraba en prisi\u00f3n preventiva, acusado de supuesto fraude contra Televisi\u00f3n Azteca por 120 millones de pesos, que fueron parte de la multa de la Federaci\u00f3n Mexicana de Futbol hacia el club Tiburones Rojos por no descender, misma que la defensa del veracruzano argumentaba que la deuda hab\u00eda sido saldada con la carta federativa de futbolistas.<\/p>\n","protected":false},"excerpt":{"rendered":"<p>El empresario veracruzano Fidel Kuri dio a conocer que le fue otorgado un amparo con el que podr\u00eda salir en libertad este s\u00e1bado, luego de m\u00e1s de un a\u00f1o en la prisi\u00f3n de Almoloya. Por medio de sus redes sociales, el que fuera propietario de los Tiburones Rojos inform\u00f3 que le fue otorgado un amparo [&hellip;]<\/p>\n","protected":false},"author":8,"featured_media":75453,"comment_status":"open","ping_status":"open","sticky":false,"template":"","format":"standard","meta":{"_monsterinsights_skip_tracking":false,"_monsterinsights_sitenote_active":false,"_monsterinsights_sitenote_note":"","_monsterinsights_sitenote_category":0,"footnotes":""},"categories":[159],"tags":[3771,917,4065],"class_list":["post-75451","post","type-post","status-publish","format-standard","has-post-thumbnail","hentry","category-deportes","tag-fidel-kuri","tag-liga-mx","tag-tiburones-rojos","wp-image-borders"],"amp_enabled":true,"_links":{"self":[{"href":"https:\/\/nvnoticias.mx\/index.php\/wp-json\/wp\/v2\/posts\/75451","targetHints":{"allow":["GET"]}}],"collection":[{"href":"https:\/\/nvnoticias.mx\/index.php\/wp-json\/wp\/v2\/posts"}],"about":[{"href":"https:\/\/nvnoticias.mx\/index.php\/wp-json\/wp\/v2\/types\/post"}],"author":[{"embeddable":true,"href":"https:\/\/nvnoticias.mx\/index.php\/wp-json\/wp\/v2\/users\/8"}],"replies":[{"embeddable":true,"href":"https:\/\/nvnoticias.mx\/index.php\/wp-json\/wp\/v2\/comments?post=75451"}],"version-history":[{"count":1,"href":"https:\/\/nvnoticias.mx\/index.php\/wp-json\/wp\/v2\/posts\/75451\/revisions"}],"predecessor-version":[{"id":75454,"href":"https:\/\/nvnoticias.mx\/index.php\/wp-json\/wp\/v2\/posts\/75451\/revisions\/75454"}],"wp:featuredmedia":[{"embeddable":true,"href":"https:\/\/nvnoticias.mx\/index.php\/wp-json\/wp\/v2\/media\/75453"}],"wp:attachment":[{"href":"https:\/\/nvnoticias.mx\/index.php\/wp-json\/wp\/v2\/media?parent=75451"}],"wp:term":[{"taxonomy":"category","embeddable":true,"href":"https:\/\/nvnoticias.mx\/index.php\/wp-json\/wp\/v2\/categories?post=75451"},{"taxonomy":"post_tag","embeddable":true,"href":"https:\/\/nvnoticias.mx\/index.php\/wp-json\/wp\/v2\/tags?post=75451"}],"curies":[{"name":"wp","href":"https:\/\/api.w.org\/{rel}","templated":true}]}}