{"id":75404,"date":"2022-09-23T10:17:49","date_gmt":"2022-09-23T15:17:49","guid":{"rendered":"https:\/\/nvnoticias.mx\/?p=75404"},"modified":"2022-09-23T10:18:36","modified_gmt":"2022-09-23T15:18:36","slug":"la-onu-no-puede-con-el-tema-de-la-guerra-ebrard","status":"publish","type":"post","link":"https:\/\/nvnoticias.mx\/index.php\/2022\/09\/23\/la-onu-no-puede-con-el-tema-de-la-guerra-ebrard\/","title":{"rendered":"La ONU &#8220;no puede&#8221; con el tema de la guerra: Ebrard"},"content":{"rendered":"\n<p>El canciller Marcelo Ebrard critic\u00f3 que la Organizaci\u00f3n de las Naciones Unidas (ONU) no ha podido prevenir ni poner un alto a la invasi\u00f3n rusa a Ucrania&nbsp;durante su intervenci\u00f3n en el Consejo de Seguridad del organismo. <\/p>\n\n\n\n<blockquote class=\"wp-block-quote is-layout-flow wp-block-quote-is-layout-flow\"><p>\u201cNo se ha podido cumplir con el mandato que le confiere la Carta de las Naciones Unidas, al no haber conseguido prevenir la guerra\u00a0ni tomar las medidas que pongan un alto a la agresi\u00f3n armada\u201d, expres\u00f3 durante el debate general del 77\u00a0periodo ordinario de sesiones de la Asamblea General.<\/p><\/blockquote>\n\n\n\n<p> El secretario de Relaciones Exteriores propuso, en representaci\u00f3n del presidente Andr\u00e9s Manuel L\u00f3pez Obrador, formar un Comit\u00e9 para el Di\u00e1logo y la Paz en Ucrania, con la participaci\u00f3n de otros jefes de Estado y de gobierno, incluidos el primer ministro de India,\u00a0Narendra Modi, y el papa Francisco. <\/p>\n\n\n\n<p>Destac\u00f3 que la intenci\u00f3n de este comit\u00e9 es permitir \u201cgenerar las condiciones para acercar a las partes a los mecanismos de soluci\u00f3n pac\u00edfica de las controversias que se\u00f1ala la Carta de las Naciones Unidas\u201d. <\/p>\n\n\n\n<p>Lament\u00f3 que la ONU no haya logrado \u201cencaminar proceso diplom\u00e1tico alguno para buscar una soluci\u00f3n por la v\u00eda del di\u00e1logo y la negociaci\u00f3n\u201d, aunque no aclar\u00f3 c\u00f3mo el planteamiento mexicano s\u00ed lo conseguir\u00e1. Entre los objetivos del plan de paz del presidente L\u00f3pez Obrador est\u00e1n que \u201cllegue todo el suministro de asistencia humanitaria requerido\u201d y \u201crespaldar abiertamente la labor del secretario general\u201d. <\/p>\n\n\n\n<p>El canciller record\u00f3 que en sus dos a\u00f1os como miembro electo del Consejo de Seguridad, M\u00e9xico \u201cha procurado adentrarse en las causas estructurales de los conflictos\u201d, promovido la diplomacia preventiva y tra\u00eddo a la mesa del consejo asuntos olvidados como \u201cla pobreza, la corrupci\u00f3n y la desigualdad como factores subyacentes de conflicto, la salud mental como objetivo ineludible de la ayuda humanitaria y las nociones de masculinidades para prevenir la radicalizaci\u00f3n y\u00a0el terrorismo\u201d. <\/p>\n\n\n\n<p>Fuente: <a href=\"https:\/\/www.milenio.com\/politica\/onu-no-puede-con-conflicto-entre-rusia-y-ucrania-ebrard\" data-type=\"URL\" data-id=\"https:\/\/www.milenio.com\/politica\/onu-no-puede-con-conflicto-entre-rusia-y-ucrania-ebrard\">Milenio<\/a> <\/p>\n","protected":false},"excerpt":{"rendered":"<p>El canciller Marcelo Ebrard critic\u00f3 que la Organizaci\u00f3n de las Naciones Unidas (ONU) no ha podido prevenir ni poner un alto a la invasi\u00f3n rusa a Ucrania&nbsp;durante su intervenci\u00f3n en el Consejo de Seguridad del organismo. \u201cNo se ha podido cumplir con el mandato que le confiere la Carta de las Naciones Unidas, al no [&hellip;]<\/p>\n","protected":false},"author":35,"featured_media":1140,"comment_status":"open","ping_status":"open","sticky":false,"template":"","format":"standard","meta":{"_monsterinsights_skip_tracking":false,"_monsterinsights_sitenote_active":false,"_monsterinsights_sitenote_note":"","_monsterinsights_sitenote_category":0,"footnotes":""},"categories":[157],"tags":[187,391,513,162],"class_list":["post-75404","post","type-post","status-publish","format-standard","has-post-thumbnail","hentry","category-nacional","tag-guerra","tag-marcelo-ebrard","tag-onu","tag-portada","wp-image-borders"],"amp_enabled":true,"_links":{"self":[{"href":"https:\/\/nvnoticias.mx\/index.php\/wp-json\/wp\/v2\/posts\/75404","targetHints":{"allow":["GET"]}}],"collection":[{"href":"https:\/\/nvnoticias.mx\/index.php\/wp-json\/wp\/v2\/posts"}],"about":[{"href":"https:\/\/nvnoticias.mx\/index.php\/wp-json\/wp\/v2\/types\/post"}],"author":[{"embeddable":true,"href":"https:\/\/nvnoticias.mx\/index.php\/wp-json\/wp\/v2\/users\/35"}],"replies":[{"embeddable":true,"href":"https:\/\/nvnoticias.mx\/index.php\/wp-json\/wp\/v2\/comments?post=75404"}],"version-history":[{"count":2,"href":"https:\/\/nvnoticias.mx\/index.php\/wp-json\/wp\/v2\/posts\/75404\/revisions"}],"predecessor-version":[{"id":75406,"href":"https:\/\/nvnoticias.mx\/index.php\/wp-json\/wp\/v2\/posts\/75404\/revisions\/75406"}],"wp:featuredmedia":[{"embeddable":true,"href":"https:\/\/nvnoticias.mx\/index.php\/wp-json\/wp\/v2\/media\/1140"}],"wp:attachment":[{"href":"https:\/\/nvnoticias.mx\/index.php\/wp-json\/wp\/v2\/media?parent=75404"}],"wp:term":[{"taxonomy":"category","embeddable":true,"href":"https:\/\/nvnoticias.mx\/index.php\/wp-json\/wp\/v2\/categories?post=75404"},{"taxonomy":"post_tag","embeddable":true,"href":"https:\/\/nvnoticias.mx\/index.php\/wp-json\/wp\/v2\/tags?post=75404"}],"curies":[{"name":"wp","href":"https:\/\/api.w.org\/{rel}","templated":true}]}}