{"id":75398,"date":"2022-09-23T10:14:17","date_gmt":"2022-09-23T15:14:17","guid":{"rendered":"https:\/\/nvnoticias.mx\/?p=75398"},"modified":"2022-09-23T10:14:19","modified_gmt":"2022-09-23T15:14:19","slug":"afirma-amlo-que-el-poder-judicial-esta-mal-y-le-hace-falta-una-reforma","status":"publish","type":"post","link":"https:\/\/nvnoticias.mx\/index.php\/2022\/09\/23\/afirma-amlo-que-el-poder-judicial-esta-mal-y-le-hace-falta-una-reforma\/","title":{"rendered":"Afirma AMLO que el Poder Judicial est\u00e1 mal y le hace falta una reforma"},"content":{"rendered":"\n<p>El&nbsp;<strong>presidente Andr\u00e9s Manuel L\u00f3pez Obrador<\/strong>&nbsp;afirm\u00f3 este viernes que hace falta una&nbsp;<strong>reforma<\/strong>&nbsp;al&nbsp;<strong>Poder Judicial<\/strong>, pues manifest\u00f3 que&nbsp;<strong>\u201cs\u00ed est\u00e1 mal el Poder Judicial\u201d<\/strong>, y confi\u00f3 que en lo que resta de su gobierno haya tiempo para llevar a cabo esta&nbsp;<strong>reforma<\/strong>.<\/p>\n\n\n\n<blockquote class=\"wp-block-quote is-layout-flow wp-block-quote-is-layout-flow\"><p>En conferencia de prensa matutina y a pregunta expresa, el jefe del Ejecutivo federal confi\u00f3 en que e\u201cHace falta una reforma al Poder Judicial, y ojal\u00e1 y los integrantes de la Judicatura o un grupo de jueces o los ministros, lo planteen, porque si est\u00e1 mal el Poder Judicial con todo respeto a su independencia (\u2026) s\u00ed hace falta una revisi\u00f3n y ojal\u00e1 y tomen la iniciativa al interior del Poder Judicial.sta iniciativa la tomen al interior del Poder Judicial.<\/p><\/blockquote>\n\n\n\n<p>En Palacio Nacional, el Mandatario federal acus\u00f3 que hay abogados que est\u00e1n en las salas de espera de oficinas de jueces y ministros y quienes presumen que no tienen clientes en la c\u00e1rcel, pero se\u00f1al\u00f3 que esto no significa que son buenos abogados, sino que son \u201cbuenos para el influyentismo, para la corrupci\u00f3n\u201d.<\/p>\n\n\n\n<blockquote class=\"wp-block-quote is-layout-flow wp-block-quote-is-layout-flow\"><p>\u201cClaro que si se va a tener como referencia la opini\u00f3n de los abogados que defienden a clientes con dinero y no a los abogados que defienden a los que no tiene con qu\u00e9 comprar su inocencia, y \u00bfcu\u00e1les son los abogados que predominan, qui\u00e9nes son los que est\u00e1n siempre en las salas de espera de los jueces, de los magistrados, de los ministros? Pues los abogados de los grandes despachos los que se dan hasta el lujo de publicar antes, ahora ya no \u201cno tengo a ninguno cliente en la c\u00e1rcel\u201d, as\u00ed se anunciaban \u00bfY son buenos abogado? No, son buenos para el influyentismo, para la corrupci\u00f3n\u201d, acus\u00f3.<\/p><\/blockquote>\n\n\n\n<p>Fuente: <a href=\"https:\/\/www.eluniversal.com.mx\/nacion\/amlo-afirma-que-el-poder-judicial-esta-mal-y-le-hace-falta-una-reforma\" data-type=\"URL\" data-id=\"https:\/\/www.eluniversal.com.mx\/nacion\/amlo-afirma-que-el-poder-judicial-esta-mal-y-le-hace-falta-una-reforma\">El Universal<\/a><\/p>\n","protected":false},"excerpt":{"rendered":"<p>El&nbsp;presidente Andr\u00e9s Manuel L\u00f3pez Obrador&nbsp;afirm\u00f3 este viernes que hace falta una&nbsp;reforma&nbsp;al&nbsp;Poder Judicial, pues manifest\u00f3 que&nbsp;\u201cs\u00ed est\u00e1 mal el Poder Judicial\u201d, y confi\u00f3 que en lo que resta de su gobierno haya tiempo para llevar a cabo esta&nbsp;reforma. En conferencia de prensa matutina y a pregunta expresa, el jefe del Ejecutivo federal confi\u00f3 en que e\u201cHace [&hellip;]<\/p>\n","protected":false},"author":35,"featured_media":59958,"comment_status":"open","ping_status":"open","sticky":false,"template":"","format":"standard","meta":{"_monsterinsights_skip_tracking":false,"_monsterinsights_sitenote_active":false,"_monsterinsights_sitenote_note":"","_monsterinsights_sitenote_category":0,"footnotes":""},"categories":[158],"tags":[10620,188,19576,2321,162,1942],"class_list":["post-75398","post","type-post","status-publish","format-standard","has-post-thumbnail","hentry","category-politica","tag-afirma","tag-amlo","tag-mal","tag-poder-judicial","tag-portada","tag-reforma","wp-image-borders"],"amp_enabled":true,"_links":{"self":[{"href":"https:\/\/nvnoticias.mx\/index.php\/wp-json\/wp\/v2\/posts\/75398","targetHints":{"allow":["GET"]}}],"collection":[{"href":"https:\/\/nvnoticias.mx\/index.php\/wp-json\/wp\/v2\/posts"}],"about":[{"href":"https:\/\/nvnoticias.mx\/index.php\/wp-json\/wp\/v2\/types\/post"}],"author":[{"embeddable":true,"href":"https:\/\/nvnoticias.mx\/index.php\/wp-json\/wp\/v2\/users\/35"}],"replies":[{"embeddable":true,"href":"https:\/\/nvnoticias.mx\/index.php\/wp-json\/wp\/v2\/comments?post=75398"}],"version-history":[{"count":5,"href":"https:\/\/nvnoticias.mx\/index.php\/wp-json\/wp\/v2\/posts\/75398\/revisions"}],"predecessor-version":[{"id":75403,"href":"https:\/\/nvnoticias.mx\/index.php\/wp-json\/wp\/v2\/posts\/75398\/revisions\/75403"}],"wp:featuredmedia":[{"embeddable":true,"href":"https:\/\/nvnoticias.mx\/index.php\/wp-json\/wp\/v2\/media\/59958"}],"wp:attachment":[{"href":"https:\/\/nvnoticias.mx\/index.php\/wp-json\/wp\/v2\/media?parent=75398"}],"wp:term":[{"taxonomy":"category","embeddable":true,"href":"https:\/\/nvnoticias.mx\/index.php\/wp-json\/wp\/v2\/categories?post=75398"},{"taxonomy":"post_tag","embeddable":true,"href":"https:\/\/nvnoticias.mx\/index.php\/wp-json\/wp\/v2\/tags?post=75398"}],"curies":[{"name":"wp","href":"https:\/\/api.w.org\/{rel}","templated":true}]}}